{"id":6220,"date":"2023-07-05T10:36:56","date_gmt":"2023-07-05T09:36:56","guid":{"rendered":"https:\/\/www.yos-studio.com\/qood-copy\/"},"modified":"2026-02-17T13:53:36","modified_gmt":"2026-02-17T12:53:36","slug":"eventy","status":"publish","type":"post","link":"https:\/\/www.yos-studio.com\/en\/eventy\/","title":{"rendered":"EVENT BRANDING"},"content":{"rendered":"","protected":false},"excerpt":{"rendered":"","protected":false},"author":1,"featured_media":6221,"comment_status":"closed","ping_status":"closed","sticky":false,"template":"","format":"standard","meta":{"footnotes":""},"categories":[5],"tags":[],"yoast_head":"<!-- This site is optimized with the Yoast SEO plugin v23.5 - https:\/\/yoast.com\/wordpress\/plugins\/seo\/ -->\n<title>EVENT BRANDING - YOS Studio graficzne Pozna\u0144 - Agencja graficzna<\/title>\n<meta name=\"description\" content=\"Branding wydarze\u0144, system identyfikacji wizualnej dla event\u00f3w, projektowanie sp\u00f3jnych materia\u0142\u00f3w reklamowych do druku i internetu.\" \/>\n<meta name=\"robots\" content=\"index, follow, max-snippet:-1, max-image-preview:large, max-video-preview:-1\" \/>\n<link rel=\"canonical\" href=\"https:\/\/www.yos-studio.com\/en\/eventy\/\" \/>\n<meta property=\"og:locale\" content=\"en_US\" \/>\n<meta property=\"og:type\" content=\"article\" \/>\n<meta property=\"og:title\" content=\"EVENT BRANDING - YOS Studio graficzne Pozna\u0144 - Agencja graficzna\" \/>\n<meta property=\"og:description\" content=\"Branding wydarze\u0144, system identyfikacji wizualnej dla event\u00f3w, projektowanie sp\u00f3jnych materia\u0142\u00f3w reklamowych do druku i internetu.\" \/>\n<meta property=\"og:url\" content=\"https:\/\/www.yos-studio.com\/en\/eventy\/\" \/>\n<meta property=\"og:site_name\" content=\"YOS Studio graficzne Pozna\u0144 - Agencja graficzna\" \/>\n<meta property=\"article:publisher\" content=\"https:\/\/www.facebook.com\/YOS.studio\" \/>\n<meta property=\"article:published_time\" content=\"2023-07-05T09:36:56+00:00\" \/>\n<meta property=\"article:modified_time\" content=\"2026-02-17T12:53:36+00:00\" \/>\n<meta property=\"og:image\" content=\"https:\/\/www.yos-studio.com\/wp-content\/uploads\/2023\/07\/branding-wydarzen-poznan-yos-studio-okladka.png\" \/>\n\t<meta property=\"og:image:width\" content=\"486\" \/>\n\t<meta property=\"og:image:height\" content=\"368\" \/>\n\t<meta property=\"og:image:type\" content=\"image\/png\" \/>\n<meta name=\"author\" content=\"yos-studio\" \/>\n<meta name=\"twitter:card\" content=\"summary_large_image\" \/>\n<meta name=\"twitter:label1\" content=\"Written by\" \/>\n\t<meta name=\"twitter:data1\" content=\"yos-studio\" \/>\n\t<meta name=\"twitter:label2\" content=\"Est. reading time\" \/>\n\t<meta name=\"twitter:data2\" content=\"25 minutes\" \/>\n<script type=\"application\/ld+json\" class=\"yoast-schema-graph\">{\"@context\":\"https:\/\/schema.org\",\"@graph\":[{\"@type\":\"Article\",\"@id\":\"https:\/\/www.yos-studio.com\/eventy\/#article\",\"isPartOf\":{\"@id\":\"https:\/\/www.yos-studio.com\/eventy\/\"},\"author\":{\"name\":\"yos-studio\",\"@id\":\"https:\/\/www.yos-studio.com\/#\/schema\/person\/7012ea5fb80b950b9e75060fedb2d8d8\"},\"headline\":\"EVENT BRANDING\",\"datePublished\":\"2023-07-05T09:36:56+00:00\",\"dateModified\":\"2026-02-17T12:53:36+00:00\",\"mainEntityOfPage\":{\"@id\":\"https:\/\/www.yos-studio.com\/eventy\/\"},\"wordCount\":9,\"publisher\":{\"@id\":\"https:\/\/www.yos-studio.com\/#organization\"},\"image\":{\"@id\":\"https:\/\/www.yos-studio.com\/eventy\/#primaryimage\"},\"thumbnailUrl\":\"https:\/\/www.yos-studio.com\/wp-content\/uploads\/2023\/07\/branding-wydarzen-poznan-yos-studio-okladka.png\",\"articleSection\":[\"Projects\"],\"inLanguage\":\"en-US\"},{\"@type\":\"WebPage\",\"@id\":\"https:\/\/www.yos-studio.com\/en\/eventy\/\",\"url\":\"https:\/\/www.yos-studio.com\/en\/eventy\/\",\"name\":\"EVENT BRANDING - YOS Studio graficzne Pozna\u0144 - Agencja graficzna\",\"isPartOf\":{\"@id\":\"https:\/\/www.yos-studio.com\/en\/#website\"},\"primaryImageOfPage\":{\"@id\":\"https:\/\/www.yos-studio.com\/en\/eventy\/#primaryimage\"},\"image\":{\"@id\":\"https:\/\/www.yos-studio.com\/eventy\/#primaryimage\"},\"thumbnailUrl\":\"https:\/\/www.yos-studio.com\/wp-content\/uploads\/2023\/07\/branding-wydarzen-poznan-yos-studio-okladka.png\",\"datePublished\":\"2023-07-05T09:36:56+00:00\",\"dateModified\":\"2026-02-17T12:53:36+00:00\",\"description\":\"Branding wydarze\u0144, system identyfikacji wizualnej dla event\u00f3w, projektowanie sp\u00f3jnych materia\u0142\u00f3w reklamowych do druku i internetu.\",\"breadcrumb\":{\"@id\":\"https:\/\/www.yos-studio.com\/en\/eventy\/#breadcrumb\"},\"inLanguage\":\"en-US\",\"potentialAction\":[{\"@type\":\"ReadAction\",\"target\":[[\"https:\/\/www.yos-studio.com\/en\/eventy\/\"]]}]},{\"@type\":\"ImageObject\",\"inLanguage\":\"en-US\",\"@id\":\"https:\/\/www.yos-studio.com\/en\/eventy\/#primaryimage\",\"url\":\"https:\/\/www.yos-studio.com\/wp-content\/uploads\/2023\/07\/branding-wydarzen-poznan-yos-studio-okladka.png\",\"contentUrl\":\"https:\/\/www.yos-studio.com\/wp-content\/uploads\/2023\/07\/branding-wydarzen-poznan-yos-studio-okladka.png\",\"width\":486,\"height\":368},{\"@type\":\"BreadcrumbList\",\"@id\":\"https:\/\/www.yos-studio.com\/en\/eventy\/#breadcrumb\",\"itemListElement\":[{\"@type\":\"ListItem\",\"position\":1,\"name\":\"Home\",\"item\":\"https:\/\/www.yos-studio.com\/en\/\"},{\"@type\":\"ListItem\",\"position\":2,\"name\":\"BRANDING EVENT\u00d3W I WYDARZE\u0143\"}]},{\"@type\":\"WebSite\",\"@id\":\"https:\/\/www.yos-studio.com\/en\/#website\",\"url\":\"https:\/\/www.yos-studio.com\/en\/\",\"name\":\"YOS Studio graficzne Pozna\u0144 - Agencja graficzna\",\"description\":\"YOS to studio graficzne i agencja graficzna z Poznania. Wyposa\u017camy firmy w systemy identyfikacji wizualnej. Kreujemy rozpoznawalne, mocne marki dla nowych firm, korporacji, produkt\u00f3w, instytucji i wydarze\u0144 kulturalnych.\",\"publisher\":{\"@id\":\"https:\/\/www.yos-studio.com\/en\/#organization\"},\"potentialAction\":[{\"@type\":\"SearchAction\",\"target\":{\"@type\":\"EntryPoint\",\"urlTemplate\":\"https:\/\/www.yos-studio.com\/en\/?s={search_term_string}\"},\"query-input\":{\"@type\":\"PropertyValueSpecification\",\"valueRequired\":true,\"valueName\":\"search_term_string\"}}],\"inLanguage\":\"en-US\"},{\"@type\":\"Organization\",\"@id\":\"https:\/\/www.yos-studio.com\/en\/#organization\",\"name\":\"YOS - Studio graficzne \/ Agencja reklamowa Pozna\u0144\",\"alternateName\":\"Studio graficzne Poznan\",\"url\":\"https:\/\/www.yos-studio.com\/en\/\",\"logo\":{\"@type\":\"ImageObject\",\"inLanguage\":\"en-US\",\"@id\":\"https:\/\/www.yos-studio.com\/en\/#\/schema\/logo\/image\/\",\"url\":\"https:\/\/www.yos-studio.com\/wp-content\/uploads\/2022\/03\/yos-studio-graficzne-poznan-projekt-logo.png\",\"contentUrl\":\"https:\/\/www.yos-studio.com\/wp-content\/uploads\/2022\/03\/yos-studio-graficzne-poznan-projekt-logo.png\",\"width\":501,\"height\":501,\"caption\":\"YOS - Studio graficzne \/ Agencja reklamowa Pozna\u0144\"},\"image\":{\"@id\":\"https:\/\/www.yos-studio.com\/en\/#\/schema\/logo\/image\/\"},\"sameAs\":[\"https:\/\/www.facebook.com\/YOS.studio\",\"https:\/\/www.instagram.com\/yos.studio\/?hl=pl\",\"https:\/\/www.linkedin.com\/in\/karolpawelek\/?originalSubdomain=pl\"]},{\"@type\":\"Person\",\"@id\":\"https:\/\/www.yos-studio.com\/#\/schema\/person\/7012ea5fb80b950b9e75060fedb2d8d8\",\"name\":\"yos-studio\",\"image\":{\"@type\":\"ImageObject\",\"inLanguage\":\"en-US\",\"@id\":\"https:\/\/www.yos-studio.com\/en\/#\/schema\/person\/image\/\",\"url\":\"https:\/\/secure.gravatar.com\/avatar\/f3541a041dab06db9a3107eeee581638?s=96&d=mm&r=g\",\"contentUrl\":\"https:\/\/secure.gravatar.com\/avatar\/f3541a041dab06db9a3107eeee581638?s=96&d=mm&r=g\",\"caption\":\"yos-studio\"},\"url\":\"https:\/\/www.yos-studio.com\/en\/author\/yos-studio\/\"}]}<\/script>\n<!-- \/ Yoast SEO plugin. -->","yoast_head_json":{"title":"EVENT BRANDING - YOS Studio graficzne Pozna\u0144 - Agencja graficzna","description":"Branding wydarze\u0144, system identyfikacji wizualnej dla event\u00f3w, projektowanie sp\u00f3jnych materia\u0142\u00f3w reklamowych do druku i internetu.","robots":{"index":"index","follow":"follow","max-snippet":"max-snippet:-1","max-image-preview":"max-image-preview:large","max-video-preview":"max-video-preview:-1"},"canonical":"https:\/\/www.yos-studio.com\/en\/eventy\/","og_locale":"en_US","og_type":"article","og_title":"EVENT BRANDING - YOS Studio graficzne Pozna\u0144 - Agencja graficzna","og_description":"Branding wydarze\u0144, system identyfikacji wizualnej dla event\u00f3w, projektowanie sp\u00f3jnych materia\u0142\u00f3w reklamowych do druku i internetu.","og_url":"https:\/\/www.yos-studio.com\/en\/eventy\/","og_site_name":"YOS Studio graficzne Pozna\u0144 - Agencja graficzna","article_publisher":"https:\/\/www.facebook.com\/YOS.studio","article_published_time":"2023-07-05T09:36:56+00:00","article_modified_time":"2026-02-17T12:53:36+00:00","og_image":[{"width":486,"height":368,"url":"https:\/\/www.yos-studio.com\/wp-content\/uploads\/2023\/07\/branding-wydarzen-poznan-yos-studio-okladka.png","type":"image\/png"}],"author":"yos-studio","twitter_card":"summary_large_image","twitter_misc":{"Written by":"yos-studio","Est. reading time":"25 minutes"},"schema":{"@context":"https:\/\/schema.org","@graph":[{"@type":"Article","@id":"https:\/\/www.yos-studio.com\/eventy\/#article","isPartOf":{"@id":"https:\/\/www.yos-studio.com\/eventy\/"},"author":{"name":"yos-studio","@id":"https:\/\/www.yos-studio.com\/#\/schema\/person\/7012ea5fb80b950b9e75060fedb2d8d8"},"headline":"EVENT BRANDING","datePublished":"2023-07-05T09:36:56+00:00","dateModified":"2026-02-17T12:53:36+00:00","mainEntityOfPage":{"@id":"https:\/\/www.yos-studio.com\/eventy\/"},"wordCount":9,"publisher":{"@id":"https:\/\/www.yos-studio.com\/#organization"},"image":{"@id":"https:\/\/www.yos-studio.com\/eventy\/#primaryimage"},"thumbnailUrl":"https:\/\/www.yos-studio.com\/wp-content\/uploads\/2023\/07\/branding-wydarzen-poznan-yos-studio-okladka.png","articleSection":["Projects"],"inLanguage":"en-US"},{"@type":"WebPage","@id":"https:\/\/www.yos-studio.com\/en\/eventy\/","url":"https:\/\/www.yos-studio.com\/en\/eventy\/","name":"EVENT BRANDING - YOS Studio graficzne Pozna\u0144 - Agencja graficzna","isPartOf":{"@id":"https:\/\/www.yos-studio.com\/en\/#website"},"primaryImageOfPage":{"@id":"https:\/\/www.yos-studio.com\/en\/eventy\/#primaryimage"},"image":{"@id":"https:\/\/www.yos-studio.com\/eventy\/#primaryimage"},"thumbnailUrl":"https:\/\/www.yos-studio.com\/wp-content\/uploads\/2023\/07\/branding-wydarzen-poznan-yos-studio-okladka.png","datePublished":"2023-07-05T09:36:56+00:00","dateModified":"2026-02-17T12:53:36+00:00","description":"Branding wydarze\u0144, system identyfikacji wizualnej dla event\u00f3w, projektowanie sp\u00f3jnych materia\u0142\u00f3w reklamowych do druku i internetu.","breadcrumb":{"@id":"https:\/\/www.yos-studio.com\/en\/eventy\/#breadcrumb"},"inLanguage":"en-US","potentialAction":[{"@type":"ReadAction","target":[["https:\/\/www.yos-studio.com\/en\/eventy\/"]]}]},{"@type":"ImageObject","inLanguage":"en-US","@id":"https:\/\/www.yos-studio.com\/en\/eventy\/#primaryimage","url":"https:\/\/www.yos-studio.com\/wp-content\/uploads\/2023\/07\/branding-wydarzen-poznan-yos-studio-okladka.png","contentUrl":"https:\/\/www.yos-studio.com\/wp-content\/uploads\/2023\/07\/branding-wydarzen-poznan-yos-studio-okladka.png","width":486,"height":368},{"@type":"BreadcrumbList","@id":"https:\/\/www.yos-studio.com\/en\/eventy\/#breadcrumb","itemListElement":[{"@type":"ListItem","position":1,"name":"Home","item":"https:\/\/www.yos-studio.com\/en\/"},{"@type":"ListItem","position":2,"name":"BRANDING EVENT\u00d3W I WYDARZE\u0143"}]},{"@type":"WebSite","@id":"https:\/\/www.yos-studio.com\/en\/#website","url":"https:\/\/www.yos-studio.com\/en\/","name":"YOS Studio graficzne Pozna\u0144 - Agencja graficzna","description":"YOS to studio graficzne i agencja graficzna z Poznania. Wyposa\u017camy firmy w systemy identyfikacji wizualnej. Kreujemy rozpoznawalne, mocne marki dla nowych firm, korporacji, produkt\u00f3w, instytucji i wydarze\u0144 kulturalnych.","publisher":{"@id":"https:\/\/www.yos-studio.com\/en\/#organization"},"potentialAction":[{"@type":"SearchAction","target":{"@type":"EntryPoint","urlTemplate":"https:\/\/www.yos-studio.com\/en\/?s={search_term_string}"},"query-input":{"@type":"PropertyValueSpecification","valueRequired":true,"valueName":"search_term_string"}}],"inLanguage":"en-US"},{"@type":"Organization","@id":"https:\/\/www.yos-studio.com\/en\/#organization","name":"YOS - Studio graficzne \/ Agencja reklamowa Pozna\u0144","alternateName":"Studio graficzne Poznan","url":"https:\/\/www.yos-studio.com\/en\/","logo":{"@type":"ImageObject","inLanguage":"en-US","@id":"https:\/\/www.yos-studio.com\/en\/#\/schema\/logo\/image\/","url":"https:\/\/www.yos-studio.com\/wp-content\/uploads\/2022\/03\/yos-studio-graficzne-poznan-projekt-logo.png","contentUrl":"https:\/\/www.yos-studio.com\/wp-content\/uploads\/2022\/03\/yos-studio-graficzne-poznan-projekt-logo.png","width":501,"height":501,"caption":"YOS - Studio graficzne \/ Agencja reklamowa Pozna\u0144"},"image":{"@id":"https:\/\/www.yos-studio.com\/en\/#\/schema\/logo\/image\/"},"sameAs":["https:\/\/www.facebook.com\/YOS.studio","https:\/\/www.instagram.com\/yos.studio\/?hl=pl","https:\/\/www.linkedin.com\/in\/karolpawelek\/?originalSubdomain=pl"]},{"@type":"Person","@id":"https:\/\/www.yos-studio.com\/#\/schema\/person\/7012ea5fb80b950b9e75060fedb2d8d8","name":"yos-studio","image":{"@type":"ImageObject","inLanguage":"en-US","@id":"https:\/\/www.yos-studio.com\/en\/#\/schema\/person\/image\/","url":"https:\/\/secure.gravatar.com\/avatar\/f3541a041dab06db9a3107eeee581638?s=96&d=mm&r=g","contentUrl":"https:\/\/secure.gravatar.com\/avatar\/f3541a041dab06db9a3107eeee581638?s=96&d=mm&r=g","caption":"yos-studio"},"url":"https:\/\/www.yos-studio.com\/en\/author\/yos-studio\/"}]}},"grid":"{\"colCount\":22,\"colGutter\":0,\"rowGutters\":[10,15,7,0,0,0,0,0,0,0,0,0,0,5,5],\"frameMargin\":0,\"topFrameMargin\":0,\"bottomFrameMargin\":5,\"rowAttrs\":[{\"bgcolor\":\"#fcfaf6\",\"row100vh\":true,\"relid\":28},{\"relid\":17},{\"relid\":19},{\"relid\":22},{\"bgcolor\":\"#ffffff\",\"relid\":31},{\"relid\":29},{\"relid\":33},{\"relid\":32},{\"bgcolor\":\"#ffffff\",\"relid\":35},{\"relid\":41},{\"relid\":42},{\"bgcolor\":\"#f191a3\",\"row100vh\":true,\"relid\":44},{\"relid\":45},{\"bgcolor\":\"#ffffff\",\"relid\":46},{\"relid\":47},{\"relid\":48}],\"bgColor\":null,\"cont\":[{\"type\":\"text\",\"cont\":\"<h1 class=\\\"_h1_namu\\\" style=\\\"text-align: center;\\\">EV<span style=\\\"font-family: NAMU-1990;\\\">E<\\\/span>NT BR<span style=\\\"font-family: NAMU-1960;\\\">A<\\\/span>NDING<\\\/h1><p class=\\\"_parahraph_projekty\\\" style=\\\"line-height: 1.4; text-align: center;\\\">\\u00a0<\\\/p><h3 class=\\\"_h3\\\" style=\\\"text-align: center;\\\">We create graphic designs for various event activities: festivals, fairs, exhibitions, workshops, offline and online events. We offer a comprehensive design service including: solid research, strategy development, an open creative process and an efficient implementation phase. We know how to create a distinctive and consistent visual message. Confirmation of the quality of our services can be found in the past realizations we have made for large events and more intimate events.<\\\/h3>\",\"align\":\"middle\",\"row\":0,\"col\":7,\"colspan\":8,\"offsetx\":0,\"offsety\":0,\"spaceabove\":0,\"spacebelow\":0,\"yvel\":1,\"push\":7,\"relid\":4,\"absolute_position\":true},{\"type\":\"text\",\"cont\":\"<h3 class=\\\"_h3_namu\\\">Increase your visibility<\\\/h3><p class=\\\"_tekstowy\\\">Are you organizing a festival, a workshop or maybe an exhibition? Whatever the format or type, every event needs a visual. It's what your customer encounters before deciding to buy a ticket or the product itself, and it's what they will associate the event experience with for longer. It is therefore worth investing in a professional design service, just as much as in the organization of the event itself.<\\\/p><h3 class=\\\"_h3\\\"><span style=\\\"font-weight: 400;\\\"><br \\\/><br \\\/><\\\/span><\\\/h3><h3 class=\\\"_h3_namu\\\">Invest in good design<\\\/h3><p class=\\\"_tekstowy\\\"><span style=\\\"font-weight: 400;\\\">For an event's visual identity to serve its purpose, it should accurately communicate the main idea of the event and be consistent with the organizer's identity. It must take into account the preferences of the audience so that the visual message is relevant and navigates them correctly. A good design is one that is based on a flexible system easily adaptable to a variety of accompanying and promotional activities.<br \\\/><br \\\/><br \\\/><br \\\/><br \\\/><\\\/span><\\\/p><h3 class=\\\"_h3_namu\\\">A comprehensive service<\\\/h3><p class=\\\"_tekstowy\\\"><span style=\\\"font-weight: 400;\\\">We offer a comprehensive service to create the visuals for your event. There are four stages to the design process. Not only do we focus on creativity, but above all your knowledge and time are important to us. That is why we need to know the basic assumptions of the order, the target groups, and expectations in order to plan the project schedule and budget well. We have developed a brief with our design team to get to know your expectations.<br \\\/><br \\\/><\\\/span><\\\/p><h3 class=\\\"_h3_namu\\\"><b><br \\\/>Stay one step ahead of the customer<br \\\/><br \\\/><\\\/b><\\\/h3><p class=\\\"_tekstowy\\\"><span style=\\\"font-weight: 400;\\\">Our experience tells us that when planning the promotion of an event, it's worth anticipating as much media as possible. It simply pays off. Let us create your promotional materials and we'll make sure your event doesn't drown in a deluge of competitive advertising and communication chaos. We will ensure that the design adapts to a variety of formats (print, online advertising), but also multiple spaces (outdoor advertising).<br \\\/><br \\\/><br \\\/><br \\\/><\\\/span><\\\/p><h3 class=\\\"_h3_namu\\\">Our offer:<\\\/h3><ul><li class=\\\"_tekstowy\\\"><span style=\\\"font-family: ApercuPro-Light_0;\\\">event logotype design;<\\\/span><\\\/li><li class=\\\"_tekstowy\\\"><span style=\\\"font-family: ApercuPro-Light_0;\\\">distinctive graphic theme;<\\\/span><\\\/li><li class=\\\"_tekstowy\\\"><span style=\\\"font-family: ApercuPro-Light_0;\\\">original illustrations;<\\\/span><\\\/li><li class=\\\"_tekstowy\\\"><span style=\\\"font-family: ApercuPro-Light_0;\\\">selection of appropriate typography;<\\\/span><\\\/li><li class=\\\"_tekstowy\\\"><span style=\\\"font-family: ApercuPro-Light_0;\\\">attention to color quality standards for print and web;<\\\/span><\\\/li><li class=\\\"_tekstowy\\\"><span style=\\\"font-family: ApercuPro-Light_0;\\\">a set of coherent promotional materials including:<\\\/span><ul><li class=\\\"_tekstowy\\\">leaflets;<\\\/li><li class=\\\"_tekstowy\\\">posters<\\\/li><li class=\\\"_tekstowy\\\">graphics for websites;<\\\/li><li class=\\\"_tekstowy\\\">templates for socialmedia advertising graphics;<\\\/li><li class=\\\"_tekstowy\\\">promotional gadgets;<\\\/li><li class=\\\"_tekstowy\\\">creations for outdoor campaigns.<\\\/li><\\\/ul><\\\/li><\\\/ul><p>\\u00a0<\\\/p><p>\\u00a0<\\\/p><p class=\\\"_tekstowy\\\">We provide our clients with a package of graphic materials and rules for their use in a corporate identity book, which will allow for simple and time-saving reproduction of the assumptions.<\\\/p>\",\"align\":\"middle\",\"row\":1,\"col\":7,\"colspan\":8,\"offsetx\":0,\"offsety\":0,\"spaceabove\":0,\"spacebelow\":0,\"yvel\":1,\"push\":7,\"relid\":18,\"absolute_position\":false,\"dosync\":false},{\"type\":\"text\",\"cont\":\"<h2 class=\\\"_h2_namu\\\" style=\\\"text-align: center;\\\">We encourage you to view our realizations:<\\\/h2>\",\"align\":\"middle\",\"row\":2,\"col\":7,\"colspan\":8,\"offsetx\":0,\"offsety\":0,\"spaceabove\":0,\"spacebelow\":0,\"yvel\":1,\"push\":7,\"relid\":20,\"absolute_position\":false},{\"type\":\"carousel\",\"cont\":\"\",\"align\":\"top\",\"row\":3,\"col\":0,\"colspan\":11,\"offsetx\":0,\"offsety\":0,\"spaceabove\":0,\"spacebelow\":0,\"yvel\":1,\"push\":0,\"relid\":50,\"carousel_options\":{\"random\":false,\"autoplay\":false,\"showMultipleSlides\":false,\"freeScroll\":false,\"mousewheelScroll\":false,\"size\":\"aspectRatioOfFirstElement\",\"slidesWidth\":\"null\",\"transition\":\"fading\",\"loop\":\"1\",\"spaceBetween\":0,\"captionsUnderSlides\":false,\"autoplaySpeed\":3000,\"autoplayDelay\":0,\"transitionSpeed\":300},\"carousel\":[{\"type\":\"img\",\"attid\":6810,\"cont\":\"\\\/wp-content\\\/uploads\\\/2023\\\/08\\\/projektowanie-graficzne-wydarzen-poznan-beauty-vision-agencja-yos-1.png\",\"sizes\":{\"full\":\"\\\/wp-content\\\/uploads\\\/2023\\\/08\\\/projektowanie-graficzne-wydarzen-poznan-beauty-vision-agencja-yos-1.png\",\"_1024\":\"\\\/wp-content\\\/uploads\\\/2023\\\/08\\\/projektowanie-graficzne-wydarzen-poznan-beauty-vision-agencja-yos-1-1024x1024.png\",\"_768\":\"\\\/wp-content\\\/uploads\\\/2023\\\/08\\\/projektowanie-graficzne-wydarzen-poznan-beauty-vision-agencja-yos-1-768x768.png\",\"_512\":\"\\\/wp-content\\\/uploads\\\/2023\\\/08\\\/projektowanie-graficzne-wydarzen-poznan-beauty-vision-agencja-yos-1-512x512.png\",\"_265\":\"\\\/wp-content\\\/uploads\\\/2023\\\/08\\\/projektowanie-graficzne-wydarzen-poznan-beauty-vision-agencja-yos-1-265x265.png\"},\"w\":1080,\"h\":1080,\"ar\":1,\"alt\":\"\"},{\"type\":\"img\",\"attid\":6813,\"cont\":\"\\\/wp-content\\\/uploads\\\/2023\\\/08\\\/projektowanie-wydarzen-poznan-beauty-vision-yos-studio-graficzne-1.png\",\"sizes\":{\"full\":\"\\\/wp-content\\\/uploads\\\/2023\\\/08\\\/projektowanie-wydarzen-poznan-beauty-vision-yos-studio-graficzne-1.png\",\"_1024\":\"\\\/wp-content\\\/uploads\\\/2023\\\/08\\\/projektowanie-wydarzen-poznan-beauty-vision-yos-studio-graficzne-1-1024x1024.png\",\"_768\":\"\\\/wp-content\\\/uploads\\\/2023\\\/08\\\/projektowanie-wydarzen-poznan-beauty-vision-yos-studio-graficzne-1-768x768.png\",\"_512\":\"\\\/wp-content\\\/uploads\\\/2023\\\/08\\\/projektowanie-wydarzen-poznan-beauty-vision-yos-studio-graficzne-1-512x512.png\",\"_265\":\"\\\/wp-content\\\/uploads\\\/2023\\\/08\\\/projektowanie-wydarzen-poznan-beauty-vision-yos-studio-graficzne-1-265x265.png\"},\"w\":1080,\"h\":1080,\"ar\":1,\"alt\":\"\"},{\"type\":\"img\",\"attid\":6835,\"cont\":\"\\\/wp-content\\\/uploads\\\/2023\\\/08\\\/kolorystyka-do-wydarzenia-poznan-beauty-vision-yos-studio.png\",\"sizes\":{\"full\":\"\\\/wp-content\\\/uploads\\\/2023\\\/08\\\/kolorystyka-do-wydarzenia-poznan-beauty-vision-yos-studio.png\",\"_1024\":\"\\\/wp-content\\\/uploads\\\/2023\\\/08\\\/kolorystyka-do-wydarzenia-poznan-beauty-vision-yos-studio-1024x1024.png\",\"_768\":\"\\\/wp-content\\\/uploads\\\/2023\\\/08\\\/kolorystyka-do-wydarzenia-poznan-beauty-vision-yos-studio-768x768.png\",\"_512\":\"\\\/wp-content\\\/uploads\\\/2023\\\/08\\\/kolorystyka-do-wydarzenia-poznan-beauty-vision-yos-studio-512x512.png\",\"_265\":\"\\\/wp-content\\\/uploads\\\/2023\\\/08\\\/kolorystyka-do-wydarzenia-poznan-beauty-vision-yos-studio-265x265.png\"},\"w\":1080,\"h\":1080,\"ar\":1,\"alt\":\"\"},{\"type\":\"img\",\"attid\":6825,\"cont\":\"\\\/wp-content\\\/uploads\\\/2023\\\/08\\\/typografia-do-wydarzenia-poznan-beauty-vision-agencja-yos.png\",\"sizes\":{\"full\":\"\\\/wp-content\\\/uploads\\\/2023\\\/08\\\/typografia-do-wydarzenia-poznan-beauty-vision-agencja-yos.png\",\"_1024\":\"\\\/wp-content\\\/uploads\\\/2023\\\/08\\\/typografia-do-wydarzenia-poznan-beauty-vision-agencja-yos-1024x1024.png\",\"_768\":\"\\\/wp-content\\\/uploads\\\/2023\\\/08\\\/typografia-do-wydarzenia-poznan-beauty-vision-agencja-yos-768x768.png\",\"_512\":\"\\\/wp-content\\\/uploads\\\/2023\\\/08\\\/typografia-do-wydarzenia-poznan-beauty-vision-agencja-yos-512x512.png\",\"_265\":\"\\\/wp-content\\\/uploads\\\/2023\\\/08\\\/typografia-do-wydarzenia-poznan-beauty-vision-agencja-yos-265x265.png\"},\"w\":1080,\"h\":1080,\"ar\":1,\"alt\":\"\"},{\"type\":\"img\",\"attid\":6804,\"cont\":\"\\\/wp-content\\\/uploads\\\/2023\\\/08\\\/projekt-ilustracji-na-targi-beauty-vision-yos-studio-1.png\",\"sizes\":{\"full\":\"\\\/wp-content\\\/uploads\\\/2023\\\/08\\\/projekt-ilustracji-na-targi-beauty-vision-yos-studio-1.png\",\"_1024\":\"\\\/wp-content\\\/uploads\\\/2023\\\/08\\\/projekt-ilustracji-na-targi-beauty-vision-yos-studio-1-1024x1024.png\",\"_768\":\"\\\/wp-content\\\/uploads\\\/2023\\\/08\\\/projekt-ilustracji-na-targi-beauty-vision-yos-studio-1-768x768.png\",\"_512\":\"\\\/wp-content\\\/uploads\\\/2023\\\/08\\\/projekt-ilustracji-na-targi-beauty-vision-yos-studio-1-512x512.png\",\"_265\":\"\\\/wp-content\\\/uploads\\\/2023\\\/08\\\/projekt-ilustracji-na-targi-beauty-vision-yos-studio-1-265x265.png\"},\"w\":1080,\"h\":1080,\"ar\":1,\"alt\":\"\"},{\"type\":\"img\",\"attid\":6808,\"cont\":\"\\\/wp-content\\\/uploads\\\/2023\\\/08\\\/projekt-ilustracji-na-targi-beauty-vision-yos-studio-5.png\",\"sizes\":{\"full\":\"\\\/wp-content\\\/uploads\\\/2023\\\/08\\\/projekt-ilustracji-na-targi-beauty-vision-yos-studio-5.png\",\"_1024\":\"\\\/wp-content\\\/uploads\\\/2023\\\/08\\\/projekt-ilustracji-na-targi-beauty-vision-yos-studio-5-1024x1024.png\",\"_768\":\"\\\/wp-content\\\/uploads\\\/2023\\\/08\\\/projekt-ilustracji-na-targi-beauty-vision-yos-studio-5-768x768.png\",\"_512\":\"\\\/wp-content\\\/uploads\\\/2023\\\/08\\\/projekt-ilustracji-na-targi-beauty-vision-yos-studio-5-512x512.png\",\"_265\":\"\\\/wp-content\\\/uploads\\\/2023\\\/08\\\/projekt-ilustracji-na-targi-beauty-vision-yos-studio-5-265x265.png\"},\"w\":1080,\"h\":1080,\"ar\":1,\"alt\":\"\"},{\"type\":\"img\",\"attid\":6859,\"cont\":\"\\\/wp-content\\\/uploads\\\/2023\\\/08\\\/projekt-identyfikacji-targow-beauty-vision-poznan-yos-studio-1-1.png\",\"sizes\":{\"full\":\"\\\/wp-content\\\/uploads\\\/2023\\\/08\\\/projekt-identyfikacji-targow-beauty-vision-poznan-yos-studio-1-1.png\",\"_1024\":\"\\\/wp-content\\\/uploads\\\/2023\\\/08\\\/projekt-identyfikacji-targow-beauty-vision-poznan-yos-studio-1-1-1024x1024.png\",\"_768\":\"\\\/wp-content\\\/uploads\\\/2023\\\/08\\\/projekt-identyfikacji-targow-beauty-vision-poznan-yos-studio-1-1-768x768.png\",\"_512\":\"\\\/wp-content\\\/uploads\\\/2023\\\/08\\\/projekt-identyfikacji-targow-beauty-vision-poznan-yos-studio-1-1-512x512.png\",\"_265\":\"\\\/wp-content\\\/uploads\\\/2023\\\/08\\\/projekt-identyfikacji-targow-beauty-vision-poznan-yos-studio-1-1-265x265.png\"},\"w\":1080,\"h\":1080,\"ar\":1,\"alt\":\"\"},{\"type\":\"img\",\"attid\":6827,\"cont\":\"\\\/wp-content\\\/uploads\\\/2023\\\/08\\\/grafiki-do-social-media-wydarzenie-beauty-vision-yos-1.png\",\"sizes\":{\"full\":\"\\\/wp-content\\\/uploads\\\/2023\\\/08\\\/grafiki-do-social-media-wydarzenie-beauty-vision-yos-1.png\",\"_1024\":\"\\\/wp-content\\\/uploads\\\/2023\\\/08\\\/grafiki-do-social-media-wydarzenie-beauty-vision-yos-1-1024x1024.png\",\"_768\":\"\\\/wp-content\\\/uploads\\\/2023\\\/08\\\/grafiki-do-social-media-wydarzenie-beauty-vision-yos-1-768x768.png\",\"_512\":\"\\\/wp-content\\\/uploads\\\/2023\\\/08\\\/grafiki-do-social-media-wydarzenie-beauty-vision-yos-1-512x512.png\",\"_265\":\"\\\/wp-content\\\/uploads\\\/2023\\\/08\\\/grafiki-do-social-media-wydarzenie-beauty-vision-yos-1-265x265.png\"},\"w\":1080,\"h\":1080,\"ar\":1,\"alt\":\"\"}],\"absolute_position\":false},{\"type\":\"text\",\"cont\":\"<h2 class=\\\"_h2_namu\\\">POZNA\\u0143 CHRISTMAS MARKET<\\\/h2><div title=\\\"Page 5\\\"><div title=\\\"Page 5\\\"><p class=\\\"_tekstowy\\\" style=\\\"text-align: left;\\\">We designed the materials of the Pozna\\u0144 Christmas Fair for the City of Pozna\\u0144. The event was held at the Pozna\\u0144 International Fair and our designs appeared throughout the city. We created a pattern that interpreted Christmas themes in a modern way. The geometric design, warm colors and simple lettering worked well for the promotional campaign. We produced designs for posters, outdoor, gadgets, social media graphics and space design elements.<\\\/p><p>\\u00a0<\\\/p><\\\/div><p class=\\\"_Text\\\"><span style=\\\"font-family: ApercuPro-Regular_0; font-size: 16px;\\\"><span style=\\\"font-weight: 400;\\\"> <a class=\\\"multiple-gradient\\\" href=\\\"https:\\\/\\\/www.yos-studio.com\\\/jarmark\\\/\\\" data-type=\\\"project\\\" data-id=\\\"5787\\\" data-title=\\\"Pozna\\u0144 Christmas Market - Visual Identity\\\" data-catid=\\\"[5]\\\">Check the project<\\\/a><\\\/span><\\\/span><\\\/p><\\\/div>\",\"align\":\"middle\",\"row\":3,\"col\":13,\"colspan\":7,\"offsetx\":0,\"offsety\":0,\"spaceabove\":0,\"spacebelow\":0,\"yvel\":1,\"push\":2,\"relid\":43,\"absolute_position\":false,\"dosync\":false,\"frameOverflow\":\"\"},{\"type\":\"text\",\"cont\":\"<h2 class=\\\"_h2_namu\\\">POZNA\\u0143 CHRISTMAS MARKET<\\\/h2><div title=\\\"Page 5\\\"><div title=\\\"Page 5\\\"><p class=\\\"_tekstowy\\\" style=\\\"text-align: left;\\\">We designed the materials of the Pozna\\u0144 Christmas Fair for the City of Pozna\\u0144. The event was held at the Pozna\\u0144 International Fair and our designs appeared throughout the city. We created a pattern that interpreted Christmas themes in a modern way. The geometric design, warm colors and simple lettering worked well for the promotional campaign. We produced designs for posters, outdoor, gadgets, social media graphics and space design elements.<\\\/p><p>\\u00a0<\\\/p><\\\/div><p class=\\\"_Text\\\"><span style=\\\"font-family: ApercuPro-Regular_0; font-size: 16px;\\\"><span style=\\\"font-weight: 400;\\\"> <a class=\\\"multiple-gradient\\\" href=\\\"https:\\\/\\\/www.yos-studio.com\\\/jarmark\\\/\\\" data-type=\\\"project\\\" data-id=\\\"5787\\\" data-title=\\\"Pozna\\u0144 Christmas Market - Visual Identity\\\" data-catid=\\\"[5]\\\">Check the project<\\\/a><\\\/span><\\\/span><\\\/p><\\\/div>\",\"align\":\"middle\",\"row\":4,\"col\":2,\"colspan\":7,\"offsetx\":0,\"offsety\":0,\"spaceabove\":0,\"spacebelow\":0,\"yvel\":1,\"push\":2,\"relid\":30,\"absolute_position\":false,\"dosync\":false},{\"type\":\"carousel\",\"cont\":\"\",\"align\":\"top\",\"row\":4,\"col\":11,\"colspan\":11,\"offsetx\":0,\"offsety\":0,\"spaceabove\":0,\"spacebelow\":0,\"yvel\":1,\"push\":2,\"relid\":51,\"carousel_options\":{\"random\":false,\"autoplay\":false,\"showMultipleSlides\":false,\"freeScroll\":false,\"mousewheelScroll\":false,\"size\":\"aspectRatioOfFirstElement\",\"slidesWidth\":\"null\",\"transition\":\"fading\",\"loop\":\"1\",\"spaceBetween\":0,\"captionsUnderSlides\":false,\"autoplaySpeed\":3000,\"autoplayDelay\":0,\"transitionSpeed\":300},\"carousel\":[{\"type\":\"img\",\"attid\":6223,\"cont\":\"\\\/wp-content\\\/uploads\\\/2023\\\/07\\\/branding-festiwalu-yos-studio-poznan-mtp-jarmark.png\",\"sizes\":{\"full\":\"\\\/wp-content\\\/uploads\\\/2023\\\/07\\\/branding-festiwalu-yos-studio-poznan-mtp-jarmark.png\",\"_1024\":\"\\\/wp-content\\\/uploads\\\/2023\\\/07\\\/branding-festiwalu-yos-studio-poznan-mtp-jarmark-1024x1024.png\",\"_768\":\"\\\/wp-content\\\/uploads\\\/2023\\\/07\\\/branding-festiwalu-yos-studio-poznan-mtp-jarmark-768x768.png\",\"_512\":\"\\\/wp-content\\\/uploads\\\/2023\\\/07\\\/branding-festiwalu-yos-studio-poznan-mtp-jarmark-512x512.png\",\"_265\":\"\\\/wp-content\\\/uploads\\\/2023\\\/07\\\/branding-festiwalu-yos-studio-poznan-mtp-jarmark-265x265.png\"},\"w\":1080,\"h\":1080,\"ar\":1,\"alt\":\"\"},{\"type\":\"img\",\"attid\":6225,\"cont\":\"\\\/wp-content\\\/uploads\\\/2023\\\/07\\\/pattern-do-identyfikacji-yos-studio-poznan-projekt-jarmark.png\",\"sizes\":{\"full\":\"\\\/wp-content\\\/uploads\\\/2023\\\/07\\\/pattern-do-identyfikacji-yos-studio-poznan-projekt-jarmark.png\",\"_1024\":\"\\\/wp-content\\\/uploads\\\/2023\\\/07\\\/pattern-do-identyfikacji-yos-studio-poznan-projekt-jarmark-1024x1024.png\",\"_768\":\"\\\/wp-content\\\/uploads\\\/2023\\\/07\\\/pattern-do-identyfikacji-yos-studio-poznan-projekt-jarmark-768x768.png\",\"_512\":\"\\\/wp-content\\\/uploads\\\/2023\\\/07\\\/pattern-do-identyfikacji-yos-studio-poznan-projekt-jarmark-512x512.png\",\"_265\":\"\\\/wp-content\\\/uploads\\\/2023\\\/07\\\/pattern-do-identyfikacji-yos-studio-poznan-projekt-jarmark-265x265.png\"},\"w\":1080,\"h\":1080,\"ar\":1,\"alt\":\"\"},{\"type\":\"img\",\"attid\":6228,\"cont\":\"\\\/wp-content\\\/uploads\\\/2023\\\/07\\\/typografia-identyfikacja-wizualna-yos-studio-projekt-jarmark.png\",\"sizes\":{\"full\":\"\\\/wp-content\\\/uploads\\\/2023\\\/07\\\/typografia-identyfikacja-wizualna-yos-studio-projekt-jarmark.png\",\"_1024\":\"\\\/wp-content\\\/uploads\\\/2023\\\/07\\\/typografia-identyfikacja-wizualna-yos-studio-projekt-jarmark-1024x1024.png\",\"_768\":\"\\\/wp-content\\\/uploads\\\/2023\\\/07\\\/typografia-identyfikacja-wizualna-yos-studio-projekt-jarmark-768x768.png\",\"_512\":\"\\\/wp-content\\\/uploads\\\/2023\\\/07\\\/typografia-identyfikacja-wizualna-yos-studio-projekt-jarmark-512x512.png\",\"_265\":\"\\\/wp-content\\\/uploads\\\/2023\\\/07\\\/typografia-identyfikacja-wizualna-yos-studio-projekt-jarmark-265x265.png\"},\"w\":1080,\"h\":1080,\"ar\":1,\"alt\":\"\"},{\"type\":\"img\",\"attid\":6675,\"cont\":\"\\\/wp-content\\\/uploads\\\/2023\\\/07\\\/projekt-grafiki-do-social-media-agencja-yos-jarmark-1.png\",\"sizes\":{\"full\":\"\\\/wp-content\\\/uploads\\\/2023\\\/07\\\/projekt-grafiki-do-social-media-agencja-yos-jarmark-1.png\",\"_1024\":\"\\\/wp-content\\\/uploads\\\/2023\\\/07\\\/projekt-grafiki-do-social-media-agencja-yos-jarmark-1-1024x1024.png\",\"_768\":\"\\\/wp-content\\\/uploads\\\/2023\\\/07\\\/projekt-grafiki-do-social-media-agencja-yos-jarmark-1-768x768.png\",\"_512\":\"\\\/wp-content\\\/uploads\\\/2023\\\/07\\\/projekt-grafiki-do-social-media-agencja-yos-jarmark-1-512x512.png\",\"_265\":\"\\\/wp-content\\\/uploads\\\/2023\\\/07\\\/projekt-grafiki-do-social-media-agencja-yos-jarmark-1-265x265.png\"},\"w\":1080,\"h\":1080,\"ar\":1,\"alt\":\"\"},{\"type\":\"img\",\"attid\":6674,\"cont\":\"\\\/wp-content\\\/uploads\\\/2023\\\/07\\\/projekt-grafiki-social-media-yos-studio-jarmark-poznan-2.png\",\"sizes\":{\"full\":\"\\\/wp-content\\\/uploads\\\/2023\\\/07\\\/projekt-grafiki-social-media-yos-studio-jarmark-poznan-2.png\",\"_1024\":\"\\\/wp-content\\\/uploads\\\/2023\\\/07\\\/projekt-grafiki-social-media-yos-studio-jarmark-poznan-2-1024x1024.png\",\"_768\":\"\\\/wp-content\\\/uploads\\\/2023\\\/07\\\/projekt-grafiki-social-media-yos-studio-jarmark-poznan-2-768x768.png\",\"_512\":\"\\\/wp-content\\\/uploads\\\/2023\\\/07\\\/projekt-grafiki-social-media-yos-studio-jarmark-poznan-2-512x512.png\",\"_265\":\"\\\/wp-content\\\/uploads\\\/2023\\\/07\\\/projekt-grafiki-social-media-yos-studio-jarmark-poznan-2-265x265.png\"},\"w\":1080,\"h\":1080,\"ar\":1,\"alt\":\"\"},{\"type\":\"img\",\"attid\":6226,\"cont\":\"\\\/wp-content\\\/uploads\\\/2023\\\/07\\\/projekt-ulotki-agencja-graficzna-yos-jarmark.png\",\"sizes\":{\"full\":\"\\\/wp-content\\\/uploads\\\/2023\\\/07\\\/projekt-ulotki-agencja-graficzna-yos-jarmark.png\",\"_1024\":\"\\\/wp-content\\\/uploads\\\/2023\\\/07\\\/projekt-ulotki-agencja-graficzna-yos-jarmark-1024x1024.png\",\"_768\":\"\\\/wp-content\\\/uploads\\\/2023\\\/07\\\/projekt-ulotki-agencja-graficzna-yos-jarmark-768x768.png\",\"_512\":\"\\\/wp-content\\\/uploads\\\/2023\\\/07\\\/projekt-ulotki-agencja-graficzna-yos-jarmark-512x512.png\",\"_265\":\"\\\/wp-content\\\/uploads\\\/2023\\\/07\\\/projekt-ulotki-agencja-graficzna-yos-jarmark-265x265.png\"},\"w\":1080,\"h\":1080,\"ar\":1,\"alt\":\"\"},{\"type\":\"img\",\"attid\":6227,\"cont\":\"\\\/wp-content\\\/uploads\\\/2023\\\/07\\\/torba-prezentowa-wystawa-agencja-graficzna-yos-jarmark.png\",\"sizes\":{\"full\":\"\\\/wp-content\\\/uploads\\\/2023\\\/07\\\/torba-prezentowa-wystawa-agencja-graficzna-yos-jarmark.png\",\"_1024\":\"\\\/wp-content\\\/uploads\\\/2023\\\/07\\\/torba-prezentowa-wystawa-agencja-graficzna-yos-jarmark-1024x1024.png\",\"_768\":\"\\\/wp-content\\\/uploads\\\/2023\\\/07\\\/torba-prezentowa-wystawa-agencja-graficzna-yos-jarmark-768x768.png\",\"_512\":\"\\\/wp-content\\\/uploads\\\/2023\\\/07\\\/torba-prezentowa-wystawa-agencja-graficzna-yos-jarmark-512x512.png\",\"_265\":\"\\\/wp-content\\\/uploads\\\/2023\\\/07\\\/torba-prezentowa-wystawa-agencja-graficzna-yos-jarmark-265x265.png\"},\"w\":1080,\"h\":1080,\"ar\":1,\"alt\":\"\"},{\"type\":\"img\",\"attid\":6224,\"cont\":\"\\\/wp-content\\\/uploads\\\/2023\\\/07\\\/branding-wydarzen-poznan-agencja-reklamowa-yos-mtp-jarmark.png\",\"sizes\":{\"full\":\"\\\/wp-content\\\/uploads\\\/2023\\\/07\\\/branding-wydarzen-poznan-agencja-reklamowa-yos-mtp-jarmark.png\",\"_1024\":\"\\\/wp-content\\\/uploads\\\/2023\\\/07\\\/branding-wydarzen-poznan-agencja-reklamowa-yos-mtp-jarmark-1024x1024.png\",\"_768\":\"\\\/wp-content\\\/uploads\\\/2023\\\/07\\\/branding-wydarzen-poznan-agencja-reklamowa-yos-mtp-jarmark-768x768.png\",\"_512\":\"\\\/wp-content\\\/uploads\\\/2023\\\/07\\\/branding-wydarzen-poznan-agencja-reklamowa-yos-mtp-jarmark-512x512.png\",\"_265\":\"\\\/wp-content\\\/uploads\\\/2023\\\/07\\\/branding-wydarzen-poznan-agencja-reklamowa-yos-mtp-jarmark-265x265.png\"},\"w\":1080,\"h\":1080,\"ar\":1,\"alt\":\"\"},{\"type\":\"img\",\"attid\":6230,\"cont\":\"\\\/wp-content\\\/uploads\\\/2023\\\/07\\\/branding-festiwalu-yos-agencja-graficzna-poznan-mtp-jarmark-1.png\",\"sizes\":{\"full\":\"\\\/wp-content\\\/uploads\\\/2023\\\/07\\\/branding-festiwalu-yos-agencja-graficzna-poznan-mtp-jarmark-1.png\",\"_1024\":\"\\\/wp-content\\\/uploads\\\/2023\\\/07\\\/branding-festiwalu-yos-agencja-graficzna-poznan-mtp-jarmark-1-1024x1024.png\",\"_768\":\"\\\/wp-content\\\/uploads\\\/2023\\\/07\\\/branding-festiwalu-yos-agencja-graficzna-poznan-mtp-jarmark-1-768x768.png\",\"_512\":\"\\\/wp-content\\\/uploads\\\/2023\\\/07\\\/branding-festiwalu-yos-agencja-graficzna-poznan-mtp-jarmark-1-512x512.png\",\"_265\":\"\\\/wp-content\\\/uploads\\\/2023\\\/07\\\/branding-festiwalu-yos-agencja-graficzna-poznan-mtp-jarmark-1-265x265.png\"},\"w\":1080,\"h\":1080,\"ar\":1,\"alt\":\"\"},{\"type\":\"img\",\"attid\":6229,\"cont\":\"\\\/wp-content\\\/uploads\\\/2023\\\/07\\\/branding-festiwalu-yos-agencja-graficzna-poznan-mtp-jarmark.png\",\"sizes\":{\"full\":\"\\\/wp-content\\\/uploads\\\/2023\\\/07\\\/branding-festiwalu-yos-agencja-graficzna-poznan-mtp-jarmark.png\",\"_1024\":\"\\\/wp-content\\\/uploads\\\/2023\\\/07\\\/branding-festiwalu-yos-agencja-graficzna-poznan-mtp-jarmark-1024x1024.png\",\"_768\":\"\\\/wp-content\\\/uploads\\\/2023\\\/07\\\/branding-festiwalu-yos-agencja-graficzna-poznan-mtp-jarmark-768x768.png\",\"_512\":\"\\\/wp-content\\\/uploads\\\/2023\\\/07\\\/branding-festiwalu-yos-agencja-graficzna-poznan-mtp-jarmark-512x512.png\",\"_265\":\"\\\/wp-content\\\/uploads\\\/2023\\\/07\\\/branding-festiwalu-yos-agencja-graficzna-poznan-mtp-jarmark-265x265.png\"},\"w\":1080,\"h\":1080,\"ar\":1,\"alt\":\"\"}],\"absolute_position\":false,\"frameOverflow\":\"\"},{\"type\":\"carousel\",\"cont\":\"\",\"align\":\"top\",\"row\":5,\"col\":0,\"colspan\":11,\"offsetx\":0,\"offsety\":0,\"spaceabove\":0,\"spacebelow\":0,\"yvel\":1,\"push\":0,\"relid\":52,\"carousel_options\":{\"random\":false,\"autoplay\":false,\"showMultipleSlides\":false,\"freeScroll\":false,\"mousewheelScroll\":false,\"size\":\"aspectRatioOfFirstElement\",\"slidesWidth\":\"null\",\"transition\":\"fading\",\"loop\":\"1\",\"spaceBetween\":0,\"captionsUnderSlides\":false,\"autoplaySpeed\":3000,\"autoplayDelay\":0,\"transitionSpeed\":300},\"carousel\":[{\"type\":\"img\",\"attid\":6234,\"cont\":\"\\\/wp-content\\\/uploads\\\/2023\\\/07\\\/projekt-wystawy-zabawek-poznan-yos-studio-ekspozycja-wielkoformatowa.png\",\"sizes\":{\"full\":\"\\\/wp-content\\\/uploads\\\/2023\\\/07\\\/projekt-wystawy-zabawek-poznan-yos-studio-ekspozycja-wielkoformatowa.png\",\"_1024\":\"\\\/wp-content\\\/uploads\\\/2023\\\/07\\\/projekt-wystawy-zabawek-poznan-yos-studio-ekspozycja-wielkoformatowa-1024x1024.png\",\"_768\":\"\\\/wp-content\\\/uploads\\\/2023\\\/07\\\/projekt-wystawy-zabawek-poznan-yos-studio-ekspozycja-wielkoformatowa-768x768.png\",\"_512\":\"\\\/wp-content\\\/uploads\\\/2023\\\/07\\\/projekt-wystawy-zabawek-poznan-yos-studio-ekspozycja-wielkoformatowa-512x512.png\",\"_265\":\"\\\/wp-content\\\/uploads\\\/2023\\\/07\\\/projekt-wystawy-zabawek-poznan-yos-studio-ekspozycja-wielkoformatowa-265x265.png\"},\"w\":1080,\"h\":1080,\"ar\":1,\"alt\":\"\"},{\"type\":\"img\",\"attid\":6235,\"cont\":\"\\\/wp-content\\\/uploads\\\/2023\\\/07\\\/ulotka-do-wystawy-zabawek-projekt-yos-studio-ekspozycja.png\",\"sizes\":{\"full\":\"\\\/wp-content\\\/uploads\\\/2023\\\/07\\\/ulotka-do-wystawy-zabawek-projekt-yos-studio-ekspozycja.png\",\"_1024\":\"\\\/wp-content\\\/uploads\\\/2023\\\/07\\\/ulotka-do-wystawy-zabawek-projekt-yos-studio-ekspozycja-1024x1024.png\",\"_768\":\"\\\/wp-content\\\/uploads\\\/2023\\\/07\\\/ulotka-do-wystawy-zabawek-projekt-yos-studio-ekspozycja-768x768.png\",\"_512\":\"\\\/wp-content\\\/uploads\\\/2023\\\/07\\\/ulotka-do-wystawy-zabawek-projekt-yos-studio-ekspozycja-512x512.png\",\"_265\":\"\\\/wp-content\\\/uploads\\\/2023\\\/07\\\/ulotka-do-wystawy-zabawek-projekt-yos-studio-ekspozycja-265x265.png\"},\"w\":1080,\"h\":1080,\"ar\":1,\"alt\":\"\"},{\"type\":\"img\",\"attid\":6232,\"cont\":\"\\\/wp-content\\\/uploads\\\/2023\\\/07\\\/gadzety-do-wystawy-zabawek-agencja-graficzna-yos.png\",\"sizes\":{\"full\":\"\\\/wp-content\\\/uploads\\\/2023\\\/07\\\/gadzety-do-wystawy-zabawek-agencja-graficzna-yos.png\",\"_1024\":\"\\\/wp-content\\\/uploads\\\/2023\\\/07\\\/gadzety-do-wystawy-zabawek-agencja-graficzna-yos-1024x1024.png\",\"_768\":\"\\\/wp-content\\\/uploads\\\/2023\\\/07\\\/gadzety-do-wystawy-zabawek-agencja-graficzna-yos-768x768.png\",\"_512\":\"\\\/wp-content\\\/uploads\\\/2023\\\/07\\\/gadzety-do-wystawy-zabawek-agencja-graficzna-yos-512x512.png\",\"_265\":\"\\\/wp-content\\\/uploads\\\/2023\\\/07\\\/gadzety-do-wystawy-zabawek-agencja-graficzna-yos-265x265.png\"},\"w\":1080,\"h\":1080,\"ar\":1,\"alt\":\"\"},{\"type\":\"img\",\"attid\":6233,\"cont\":\"\\\/wp-content\\\/uploads\\\/2023\\\/07\\\/projektowanie-wystaw-poznan-studio-yos-ekspozycja-wielkoformatowa.png\",\"sizes\":{\"full\":\"\\\/wp-content\\\/uploads\\\/2023\\\/07\\\/projektowanie-wystaw-poznan-studio-yos-ekspozycja-wielkoformatowa.png\",\"_1024\":\"\\\/wp-content\\\/uploads\\\/2023\\\/07\\\/projektowanie-wystaw-poznan-studio-yos-ekspozycja-wielkoformatowa-1024x1024.png\",\"_768\":\"\\\/wp-content\\\/uploads\\\/2023\\\/07\\\/projektowanie-wystaw-poznan-studio-yos-ekspozycja-wielkoformatowa-768x768.png\",\"_512\":\"\\\/wp-content\\\/uploads\\\/2023\\\/07\\\/projektowanie-wystaw-poznan-studio-yos-ekspozycja-wielkoformatowa-512x512.png\",\"_265\":\"\\\/wp-content\\\/uploads\\\/2023\\\/07\\\/projektowanie-wystaw-poznan-studio-yos-ekspozycja-wielkoformatowa-265x265.png\"},\"w\":1080,\"h\":1080,\"ar\":1,\"alt\":\"\"},{\"type\":\"img\",\"attid\":6231,\"cont\":\"\\\/wp-content\\\/uploads\\\/2023\\\/07\\\/aranzacja-wystawy-zabawek-poznan-agencja-graficzna-yos-ekspozycja.png\",\"sizes\":{\"full\":\"\\\/wp-content\\\/uploads\\\/2023\\\/07\\\/aranzacja-wystawy-zabawek-poznan-agencja-graficzna-yos-ekspozycja.png\",\"_1024\":\"\\\/wp-content\\\/uploads\\\/2023\\\/07\\\/aranzacja-wystawy-zabawek-poznan-agencja-graficzna-yos-ekspozycja-1024x1024.png\",\"_768\":\"\\\/wp-content\\\/uploads\\\/2023\\\/07\\\/aranzacja-wystawy-zabawek-poznan-agencja-graficzna-yos-ekspozycja-768x768.png\",\"_512\":\"\\\/wp-content\\\/uploads\\\/2023\\\/07\\\/aranzacja-wystawy-zabawek-poznan-agencja-graficzna-yos-ekspozycja-512x512.png\",\"_265\":\"\\\/wp-content\\\/uploads\\\/2023\\\/07\\\/aranzacja-wystawy-zabawek-poznan-agencja-graficzna-yos-ekspozycja-265x265.png\"},\"w\":1080,\"h\":1080,\"ar\":1,\"alt\":\"\"}],\"absolute_position\":false,\"frameOverflow\":\"\"},{\"type\":\"text\",\"cont\":\"<h2 class=\\\"_h2_namu\\\">TOY EXHIBITION<\\\/h2><div title=\\\"Page 5\\\"><div title=\\\"Page 5\\\"><p class=\\\"_tekstowy\\\" style=\\\"text-align: left;\\\">At the invitation of the Museum of the Origins of the Polish State in Gniezno, we created an identity for the 'Toy Exhibition'. Our creation combined historical objects with modern design, becoming an attractive message for the modern viewer. The scope of work included the design of promotional materials (posters, flyers, invitations, online advertising), space arrangement with installations, gadgets and designs for accompanying events (competitions, workshops, meetings with curators).<\\\/p><p>\\u00a0<\\\/p><\\\/div><p class=\\\"_Text\\\"><span style=\\\"font-family: ApercuPro-Regular_0; font-size: 16px;\\\"><span style=\\\"font-weight: 400;\\\"> <a class=\\\"multiple-gradient\\\" href=\\\"https:\\\/\\\/www.yos-studio.com\\\/zabawki\\\/\\\" data-type=\\\"project\\\" data-id=\\\"376\\\" data-title=\\\"Toy Exhibition\\\" data-catid=\\\"[5]\\\">See the exhibition<\\\/a><\\\/span><\\\/span><\\\/p><\\\/div>\",\"align\":\"middle\",\"row\":5,\"col\":13,\"colspan\":7,\"offsetx\":0,\"offsety\":0,\"spaceabove\":0,\"spacebelow\":0,\"yvel\":1,\"push\":2,\"relid\":393,\"absolute_position\":false,\"dosync\":false},{\"type\":\"text\",\"cont\":\"<h2 class=\\\"_h2_namu\\\">URBAN TRANSFORMATIONS<\\\/h2><div title=\\\"Page 5\\\"><div title=\\\"Page 5\\\"><p class=\\\"_tekstowy\\\" style=\\\"text-align: left;\\\">We took part in the 11th edition of the World Urban Forum in Katowice by designing the exhibition 'Urban Transformations', commissioned by the Pozna\\u0144 International Fair. In a short period of time, we carried out the commission with an international audience of more than 20,000 people. We developed the logotype, infographics and illustrations to tell the story of the inhabitants and cities. Our creation was based on a clear and legible message that naturally navigated visitors along the exhibition path.<\\\/p><p>\\u00a0<\\\/p><\\\/div><p class=\\\"_Text\\\"><span style=\\\"font-family: ApercuPro-Regular_0; font-size: 16px;\\\"><span style=\\\"font-weight: 400;\\\"> <a class=\\\"multiple-gradient\\\" href=\\\"https:\\\/\\\/www.yos-studio.com\\\/wuf11\\\/\\\" data-type=\\\"project\\\" data-id=\\\"5312\\\" data-title=\\\"MTP group\\\" data-catid=\\\"[5]\\\">See the exhibition<\\\/a><\\\/span><\\\/span><\\\/p><\\\/div>\",\"align\":\"middle\",\"row\":6,\"col\":2,\"colspan\":7,\"offsetx\":0,\"offsety\":0,\"spaceabove\":0,\"spacebelow\":0,\"yvel\":1,\"push\":2,\"relid\":626,\"absolute_position\":false,\"dosync\":false},{\"type\":\"carousel\",\"cont\":\"\",\"align\":\"top\",\"row\":6,\"col\":11,\"colspan\":11,\"offsetx\":0,\"offsety\":0,\"spaceabove\":0,\"spacebelow\":0,\"yvel\":1,\"push\":2,\"relid\":1549,\"carousel_options\":{\"random\":false,\"autoplay\":false,\"showMultipleSlides\":false,\"freeScroll\":false,\"mousewheelScroll\":false,\"size\":\"aspectRatioOfFirstElement\",\"slidesWidth\":\"null\",\"transition\":\"fading\",\"loop\":\"1\",\"spaceBetween\":0,\"captionsUnderSlides\":false,\"autoplayDelay\":0,\"transitionSpeed\":300,\"autoplaySpeed\":3000},\"carousel\":[{\"type\":\"img\",\"attid\":6691,\"cont\":\"\\\/wp-content\\\/uploads\\\/2023\\\/07\\\/projekt-graficzny-wystawy-yos-projektowanie-poznan-wuf11-1.png\",\"sizes\":{\"full\":\"\\\/wp-content\\\/uploads\\\/2023\\\/07\\\/projekt-graficzny-wystawy-yos-projektowanie-poznan-wuf11-1.png\",\"_1024\":\"\\\/wp-content\\\/uploads\\\/2023\\\/07\\\/projekt-graficzny-wystawy-yos-projektowanie-poznan-wuf11-1-1024x1024.png\",\"_768\":\"\\\/wp-content\\\/uploads\\\/2023\\\/07\\\/projekt-graficzny-wystawy-yos-projektowanie-poznan-wuf11-1-768x768.png\",\"_512\":\"\\\/wp-content\\\/uploads\\\/2023\\\/07\\\/projekt-graficzny-wystawy-yos-projektowanie-poznan-wuf11-1-512x512.png\",\"_265\":\"\\\/wp-content\\\/uploads\\\/2023\\\/07\\\/projekt-graficzny-wystawy-yos-projektowanie-poznan-wuf11-1-265x265.png\"},\"w\":1080,\"h\":1080,\"ar\":1,\"alt\":\"\"},{\"type\":\"img\",\"attid\":6236,\"cont\":\"\\\/wp-content\\\/uploads\\\/2023\\\/07\\\/pattern-do-wystawy-agencja-graficzna-yos-studio-wuf11.png\",\"sizes\":{\"full\":\"\\\/wp-content\\\/uploads\\\/2023\\\/07\\\/pattern-do-wystawy-agencja-graficzna-yos-studio-wuf11.png\",\"_1024\":\"\\\/wp-content\\\/uploads\\\/2023\\\/07\\\/pattern-do-wystawy-agencja-graficzna-yos-studio-wuf11-1024x1024.png\",\"_768\":\"\\\/wp-content\\\/uploads\\\/2023\\\/07\\\/pattern-do-wystawy-agencja-graficzna-yos-studio-wuf11-768x768.png\",\"_512\":\"\\\/wp-content\\\/uploads\\\/2023\\\/07\\\/pattern-do-wystawy-agencja-graficzna-yos-studio-wuf11-512x512.png\",\"_265\":\"\\\/wp-content\\\/uploads\\\/2023\\\/07\\\/pattern-do-wystawy-agencja-graficzna-yos-studio-wuf11-265x265.png\"},\"w\":1080,\"h\":1080,\"ar\":1,\"alt\":\"\"},{\"type\":\"img\",\"attid\":6239,\"cont\":\"\\\/wp-content\\\/uploads\\\/2023\\\/07\\\/projektowanie-wystaw-graficznych-yos-studio-projekt-wuf11-poznan.png\",\"sizes\":{\"full\":\"\\\/wp-content\\\/uploads\\\/2023\\\/07\\\/projektowanie-wystaw-graficznych-yos-studio-projekt-wuf11-poznan.png\",\"_1024\":\"\\\/wp-content\\\/uploads\\\/2023\\\/07\\\/projektowanie-wystaw-graficznych-yos-studio-projekt-wuf11-poznan-1024x1024.png\",\"_768\":\"\\\/wp-content\\\/uploads\\\/2023\\\/07\\\/projektowanie-wystaw-graficznych-yos-studio-projekt-wuf11-poznan-768x768.png\",\"_512\":\"\\\/wp-content\\\/uploads\\\/2023\\\/07\\\/projektowanie-wystaw-graficznych-yos-studio-projekt-wuf11-poznan-512x512.png\",\"_265\":\"\\\/wp-content\\\/uploads\\\/2023\\\/07\\\/projektowanie-wystaw-graficznych-yos-studio-projekt-wuf11-poznan-265x265.png\"},\"w\":1080,\"h\":1080,\"ar\":1,\"alt\":\"\"},{\"type\":\"img\",\"attid\":6240,\"cont\":\"\\\/wp-content\\\/uploads\\\/2023\\\/07\\\/projekt-wystawy-studio-graficzne-yos-projekt-wuf11-poznan.png\",\"sizes\":{\"full\":\"\\\/wp-content\\\/uploads\\\/2023\\\/07\\\/projekt-wystawy-studio-graficzne-yos-projekt-wuf11-poznan.png\",\"_1024\":\"\\\/wp-content\\\/uploads\\\/2023\\\/07\\\/projekt-wystawy-studio-graficzne-yos-projekt-wuf11-poznan-1024x1024.png\",\"_768\":\"\\\/wp-content\\\/uploads\\\/2023\\\/07\\\/projekt-wystawy-studio-graficzne-yos-projekt-wuf11-poznan-768x768.png\",\"_512\":\"\\\/wp-content\\\/uploads\\\/2023\\\/07\\\/projekt-wystawy-studio-graficzne-yos-projekt-wuf11-poznan-512x512.png\",\"_265\":\"\\\/wp-content\\\/uploads\\\/2023\\\/07\\\/projekt-wystawy-studio-graficzne-yos-projekt-wuf11-poznan-265x265.png\"},\"w\":1080,\"h\":1080,\"ar\":1,\"alt\":\"\"},{\"type\":\"img\",\"attid\":6237,\"cont\":\"\\\/wp-content\\\/uploads\\\/2023\\\/07\\\/projekt-graficzny-wystawy-agencja-graficzna-yos-poznan-wuf11.png\",\"sizes\":{\"full\":\"\\\/wp-content\\\/uploads\\\/2023\\\/07\\\/projekt-graficzny-wystawy-agencja-graficzna-yos-poznan-wuf11.png\",\"_1024\":\"\\\/wp-content\\\/uploads\\\/2023\\\/07\\\/projekt-graficzny-wystawy-agencja-graficzna-yos-poznan-wuf11-1024x1024.png\",\"_768\":\"\\\/wp-content\\\/uploads\\\/2023\\\/07\\\/projekt-graficzny-wystawy-agencja-graficzna-yos-poznan-wuf11-768x768.png\",\"_512\":\"\\\/wp-content\\\/uploads\\\/2023\\\/07\\\/projekt-graficzny-wystawy-agencja-graficzna-yos-poznan-wuf11-512x512.png\",\"_265\":\"\\\/wp-content\\\/uploads\\\/2023\\\/07\\\/projekt-graficzny-wystawy-agencja-graficzna-yos-poznan-wuf11-265x265.png\"},\"w\":1080,\"h\":1080,\"ar\":1,\"alt\":\"\"},{\"type\":\"img\",\"attid\":6677,\"cont\":\"\\\/wp-content\\\/uploads\\\/2023\\\/07\\\/projektowanie-graficzne-wystaw-poznan-wuf11-yos-studio.jpg\",\"sizes\":{\"full\":\"\\\/wp-content\\\/uploads\\\/2023\\\/07\\\/projektowanie-graficzne-wystaw-poznan-wuf11-yos-studio.jpg\",\"_1024\":\"\\\/wp-content\\\/uploads\\\/2023\\\/07\\\/projektowanie-graficzne-wystaw-poznan-wuf11-yos-studio-1024x1024.jpg\",\"_768\":\"\\\/wp-content\\\/uploads\\\/2023\\\/07\\\/projektowanie-graficzne-wystaw-poznan-wuf11-yos-studio-768x768.jpg\",\"_512\":\"\\\/wp-content\\\/uploads\\\/2023\\\/07\\\/projektowanie-graficzne-wystaw-poznan-wuf11-yos-studio-512x512.jpg\",\"_265\":\"\\\/wp-content\\\/uploads\\\/2023\\\/07\\\/projektowanie-graficzne-wystaw-poznan-wuf11-yos-studio-265x265.jpg\"},\"w\":1080,\"h\":1080,\"ar\":1,\"alt\":\"\"},{\"type\":\"img\",\"attid\":6678,\"cont\":\"\\\/wp-content\\\/uploads\\\/2023\\\/07\\\/projektowanie-graficzne-wystaw-poznan-wuf11-agencja-yos.jpg\",\"sizes\":{\"full\":\"\\\/wp-content\\\/uploads\\\/2023\\\/07\\\/projektowanie-graficzne-wystaw-poznan-wuf11-agencja-yos.jpg\",\"_1024\":\"\\\/wp-content\\\/uploads\\\/2023\\\/07\\\/projektowanie-graficzne-wystaw-poznan-wuf11-agencja-yos-1024x1024.jpg\",\"_768\":\"\\\/wp-content\\\/uploads\\\/2023\\\/07\\\/projektowanie-graficzne-wystaw-poznan-wuf11-agencja-yos-768x768.jpg\",\"_512\":\"\\\/wp-content\\\/uploads\\\/2023\\\/07\\\/projektowanie-graficzne-wystaw-poznan-wuf11-agencja-yos-512x512.jpg\",\"_265\":\"\\\/wp-content\\\/uploads\\\/2023\\\/07\\\/projektowanie-graficzne-wystaw-poznan-wuf11-agencja-yos-265x265.jpg\"},\"w\":1080,\"h\":1080,\"ar\":1,\"alt\":\"\"},{\"type\":\"img\",\"attid\":6676,\"cont\":\"\\\/wp-content\\\/uploads\\\/2023\\\/07\\\/projekt-graficzny-wystawy-projektowanie-poznan-wuf11-yos.jpg\",\"sizes\":{\"full\":\"\\\/wp-content\\\/uploads\\\/2023\\\/07\\\/projekt-graficzny-wystawy-projektowanie-poznan-wuf11-yos.jpg\",\"_1024\":\"\\\/wp-content\\\/uploads\\\/2023\\\/07\\\/projekt-graficzny-wystawy-projektowanie-poznan-wuf11-yos-1024x1024.jpg\",\"_768\":\"\\\/wp-content\\\/uploads\\\/2023\\\/07\\\/projekt-graficzny-wystawy-projektowanie-poznan-wuf11-yos-768x768.jpg\",\"_512\":\"\\\/wp-content\\\/uploads\\\/2023\\\/07\\\/projekt-graficzny-wystawy-projektowanie-poznan-wuf11-yos-512x512.jpg\",\"_265\":\"\\\/wp-content\\\/uploads\\\/2023\\\/07\\\/projekt-graficzny-wystawy-projektowanie-poznan-wuf11-yos-265x265.jpg\"},\"w\":1080,\"h\":1080,\"ar\":1,\"alt\":\"\"}],\"absolute_position\":false},{\"type\":\"carousel\",\"cont\":\"\",\"align\":\"onethird\",\"row\":7,\"col\":0,\"colspan\":11,\"offsetx\":0,\"offsety\":0,\"spaceabove\":0,\"spacebelow\":0,\"yvel\":1,\"push\":0,\"relid\":53,\"carousel_options\":{\"random\":false,\"autoplay\":false,\"showMultipleSlides\":false,\"freeScroll\":false,\"mousewheelScroll\":false,\"size\":\"aspectRatioOfFirstElement\",\"slidesWidth\":\"null\",\"transition\":\"fading\",\"loop\":\"1\",\"spaceBetween\":0,\"captionsUnderSlides\":false,\"autoplaySpeed\":3000,\"autoplayDelay\":0,\"transitionSpeed\":300},\"carousel\":[{\"type\":\"img\",\"attid\":6244,\"cont\":\"\\\/wp-content\\\/uploads\\\/2023\\\/07\\\/projekt-identyfikacji-wizualnej-czytaty-agencja-graficzna-yos-studio.png\",\"sizes\":{\"full\":\"\\\/wp-content\\\/uploads\\\/2023\\\/07\\\/projekt-identyfikacji-wizualnej-czytaty-agencja-graficzna-yos-studio.png\",\"_1024\":\"\\\/wp-content\\\/uploads\\\/2023\\\/07\\\/projekt-identyfikacji-wizualnej-czytaty-agencja-graficzna-yos-studio-1024x1024.png\",\"_768\":\"\\\/wp-content\\\/uploads\\\/2023\\\/07\\\/projekt-identyfikacji-wizualnej-czytaty-agencja-graficzna-yos-studio-768x768.png\",\"_512\":\"\\\/wp-content\\\/uploads\\\/2023\\\/07\\\/projekt-identyfikacji-wizualnej-czytaty-agencja-graficzna-yos-studio-512x512.png\",\"_265\":\"\\\/wp-content\\\/uploads\\\/2023\\\/07\\\/projekt-identyfikacji-wizualnej-czytaty-agencja-graficzna-yos-studio-265x265.png\"},\"w\":1080,\"h\":1080,\"ar\":1,\"alt\":\"\"},{\"type\":\"img\",\"attid\":6243,\"cont\":\"\\\/wp-content\\\/uploads\\\/2023\\\/07\\\/identyfikacja-wizualna-czytaty-yos-studio-projekt-ilustracji-poznan.png\",\"sizes\":{\"full\":\"\\\/wp-content\\\/uploads\\\/2023\\\/07\\\/identyfikacja-wizualna-czytaty-yos-studio-projekt-ilustracji-poznan.png\",\"_1024\":\"\\\/wp-content\\\/uploads\\\/2023\\\/07\\\/identyfikacja-wizualna-czytaty-yos-studio-projekt-ilustracji-poznan-1024x1024.png\",\"_768\":\"\\\/wp-content\\\/uploads\\\/2023\\\/07\\\/identyfikacja-wizualna-czytaty-yos-studio-projekt-ilustracji-poznan-768x768.png\",\"_512\":\"\\\/wp-content\\\/uploads\\\/2023\\\/07\\\/identyfikacja-wizualna-czytaty-yos-studio-projekt-ilustracji-poznan-512x512.png\",\"_265\":\"\\\/wp-content\\\/uploads\\\/2023\\\/07\\\/identyfikacja-wizualna-czytaty-yos-studio-projekt-ilustracji-poznan-265x265.png\"},\"w\":1080,\"h\":1080,\"ar\":1,\"alt\":\"\"},{\"type\":\"img\",\"attid\":6246,\"cont\":\"\\\/wp-content\\\/uploads\\\/2023\\\/07\\\/system-identyfikacji-wizualnej-czytaty-yos-studio-agencja-graficzna.png\",\"sizes\":{\"full\":\"\\\/wp-content\\\/uploads\\\/2023\\\/07\\\/system-identyfikacji-wizualnej-czytaty-yos-studio-agencja-graficzna.png\",\"_1024\":\"\\\/wp-content\\\/uploads\\\/2023\\\/07\\\/system-identyfikacji-wizualnej-czytaty-yos-studio-agencja-graficzna-1024x1024.png\",\"_768\":\"\\\/wp-content\\\/uploads\\\/2023\\\/07\\\/system-identyfikacji-wizualnej-czytaty-yos-studio-agencja-graficzna-768x768.png\",\"_512\":\"\\\/wp-content\\\/uploads\\\/2023\\\/07\\\/system-identyfikacji-wizualnej-czytaty-yos-studio-agencja-graficzna-512x512.png\",\"_265\":\"\\\/wp-content\\\/uploads\\\/2023\\\/07\\\/system-identyfikacji-wizualnej-czytaty-yos-studio-agencja-graficzna-265x265.png\"},\"w\":1080,\"h\":1080,\"ar\":1,\"alt\":\"\"},{\"type\":\"img\",\"attid\":6245,\"cont\":\"\\\/wp-content\\\/uploads\\\/2023\\\/07\\\/projekt-identyfikacji-wizualnej-czytaty-yos-agencja-reklamowa-plakat.png\",\"sizes\":{\"full\":\"\\\/wp-content\\\/uploads\\\/2023\\\/07\\\/projekt-identyfikacji-wizualnej-czytaty-yos-agencja-reklamowa-plakat.png\",\"_1024\":\"\\\/wp-content\\\/uploads\\\/2023\\\/07\\\/projekt-identyfikacji-wizualnej-czytaty-yos-agencja-reklamowa-plakat-1024x1024.png\",\"_768\":\"\\\/wp-content\\\/uploads\\\/2023\\\/07\\\/projekt-identyfikacji-wizualnej-czytaty-yos-agencja-reklamowa-plakat-768x768.png\",\"_512\":\"\\\/wp-content\\\/uploads\\\/2023\\\/07\\\/projekt-identyfikacji-wizualnej-czytaty-yos-agencja-reklamowa-plakat-512x512.png\",\"_265\":\"\\\/wp-content\\\/uploads\\\/2023\\\/07\\\/projekt-identyfikacji-wizualnej-czytaty-yos-agencja-reklamowa-plakat-265x265.png\"},\"w\":1080,\"h\":1080,\"ar\":1,\"alt\":\"\"},{\"type\":\"img\",\"attid\":6241,\"cont\":\"\\\/wp-content\\\/uploads\\\/2023\\\/07\\\/system-identyfikacji-wizualnej-czytaty-yos-studio-projekt-ulotki.png\",\"sizes\":{\"full\":\"\\\/wp-content\\\/uploads\\\/2023\\\/07\\\/system-identyfikacji-wizualnej-czytaty-yos-studio-projekt-ulotki.png\",\"_1024\":\"\\\/wp-content\\\/uploads\\\/2023\\\/07\\\/system-identyfikacji-wizualnej-czytaty-yos-studio-projekt-ulotki-1024x1024.png\",\"_768\":\"\\\/wp-content\\\/uploads\\\/2023\\\/07\\\/system-identyfikacji-wizualnej-czytaty-yos-studio-projekt-ulotki-768x768.png\",\"_512\":\"\\\/wp-content\\\/uploads\\\/2023\\\/07\\\/system-identyfikacji-wizualnej-czytaty-yos-studio-projekt-ulotki-512x512.png\",\"_265\":\"\\\/wp-content\\\/uploads\\\/2023\\\/07\\\/system-identyfikacji-wizualnej-czytaty-yos-studio-projekt-ulotki-265x265.png\"},\"w\":1080,\"h\":1080,\"ar\":1,\"alt\":\"\"},{\"type\":\"img\",\"attid\":6242,\"cont\":\"\\\/wp-content\\\/uploads\\\/2023\\\/07\\\/identyfikacja-wizualna-czytaty-yos-studio-poznan-projektowanie.png\",\"sizes\":{\"full\":\"\\\/wp-content\\\/uploads\\\/2023\\\/07\\\/identyfikacja-wizualna-czytaty-yos-studio-poznan-projektowanie.png\",\"_1024\":\"\\\/wp-content\\\/uploads\\\/2023\\\/07\\\/identyfikacja-wizualna-czytaty-yos-studio-poznan-projektowanie-1024x1024.png\",\"_768\":\"\\\/wp-content\\\/uploads\\\/2023\\\/07\\\/identyfikacja-wizualna-czytaty-yos-studio-poznan-projektowanie-768x768.png\",\"_512\":\"\\\/wp-content\\\/uploads\\\/2023\\\/07\\\/identyfikacja-wizualna-czytaty-yos-studio-poznan-projektowanie-512x512.png\",\"_265\":\"\\\/wp-content\\\/uploads\\\/2023\\\/07\\\/identyfikacja-wizualna-czytaty-yos-studio-poznan-projektowanie-265x265.png\"},\"w\":1080,\"h\":1080,\"ar\":1,\"alt\":\"\"}],\"absolute_position\":false,\"frameOverflow\":\"left\"},{\"type\":\"text\",\"cont\":\"<h2 class=\\\"_h2_namu\\\">CZYTATY<\\\/h2><div title=\\\"Page 5\\\"><div title=\\\"Page 5\\\"><p class=\\\"_tekstowy\\\" style=\\\"text-align: left;\\\">We created the graphic design for the CZYTATY events promoting family reading for the Raczynski Library in Poznan. We designed a logotype composed of the name of the series, which we left with a cut-out aesthetic. The main products of this realization were posters with a recurring motif of a book-father and a book-child. They proved successful in outdoor promotion and their elements in the gadgets accompanying the event: collectible stickers, bags and badges.<\\\/p><\\\/div><\\\/div><p>\\u00a0<\\\/p><p class=\\\"_Text\\\"><span style=\\\"font-family: ApercuPro-Regular_0; font-size: 16px;\\\"><span style=\\\"font-weight: 400;\\\"> <a class=\\\"multiple-gradient\\\" href=\\\"https:\\\/\\\/www.yos-studio.com\\\/czytaty\\\/\\\" data-type=\\\"project\\\" data-id=\\\"402\\\" data-title=\\\"CZYTATY\\\" data-catid=\\\"[5]\\\">Check the project<\\\/a><\\\/span><\\\/span><\\\/p>\",\"align\":\"middle\",\"row\":7,\"col\":13,\"colspan\":7,\"offsetx\":0,\"offsety\":0,\"spaceabove\":0,\"spacebelow\":0,\"yvel\":1,\"push\":2,\"relid\":1936,\"absolute_position\":false,\"dosync\":false},{\"type\":\"text\",\"cont\":\"<h2 class=\\\"_h2_namu\\\">MUSICAL CULTURE<\\\/h2><div title=\\\"Page 5\\\"><div title=\\\"Page 5\\\"><p class=\\\"_tekstowy\\\" style=\\\"text-align: left;\\\">For the exhibition \\\"Musical culture in the early days of the Polish state\\\", we created a comprehensive graphic design. The scope of work included: visual identification, arrangement and spatial installations. Inspired by medieval iconography with musicians and instruments, we designed a logotype, posters, invitations, sound animations and promotional materials for accompanying events and publications (folder and catalog).<\\\/p><\\\/div><\\\/div><p>\\u00a0<\\\/p><p class=\\\"_Text\\\"><span style=\\\"font-family: ApercuPro-Regular_0; font-size: 16px;\\\"><span style=\\\"font-weight: 400;\\\"> <a class=\\\"multiple-gradient\\\" href=\\\"https:\\\/\\\/www.yos-studio.com\\\/kultura\\\/\\\" data-type=\\\"project\\\" data-id=\\\"877\\\" data-title=\\\"Musical Culture\\\" data-catid=\\\"[5]\\\">See the exhibition<\\\/a><\\\/span><\\\/span><\\\/p>\",\"align\":\"middle\",\"row\":8,\"col\":2,\"colspan\":7,\"offsetx\":0,\"offsety\":0,\"spaceabove\":0,\"spacebelow\":0,\"yvel\":1,\"push\":2,\"relid\":60,\"absolute_position\":false,\"dosync\":false},{\"type\":\"carousel\",\"cont\":\"\",\"align\":\"bottom\",\"row\":8,\"col\":11,\"colspan\":11,\"offsetx\":0,\"offsety\":0,\"spaceabove\":0,\"spacebelow\":0,\"yvel\":1,\"push\":2,\"relid\":54,\"carousel_options\":{\"random\":false,\"autoplay\":false,\"showMultipleSlides\":false,\"freeScroll\":false,\"mousewheelScroll\":false,\"size\":\"aspectRatioOfFirstElement\",\"slidesWidth\":\"null\",\"transition\":\"fading\",\"loop\":\"1\",\"spaceBetween\":0,\"captionsUnderSlides\":false,\"autoplaySpeed\":3000,\"autoplayDelay\":0,\"transitionSpeed\":300},\"carousel\":[{\"type\":\"img\",\"attid\":6692,\"cont\":\"\\\/wp-content\\\/uploads\\\/2023\\\/07\\\/projekt-graficzny-wystawy-yos-poznan-projekt-kultura-muzyczna-1.png\",\"sizes\":{\"full\":\"\\\/wp-content\\\/uploads\\\/2023\\\/07\\\/projekt-graficzny-wystawy-yos-poznan-projekt-kultura-muzyczna-1.png\",\"_1024\":\"\\\/wp-content\\\/uploads\\\/2023\\\/07\\\/projekt-graficzny-wystawy-yos-poznan-projekt-kultura-muzyczna-1-1024x1024.png\",\"_768\":\"\\\/wp-content\\\/uploads\\\/2023\\\/07\\\/projekt-graficzny-wystawy-yos-poznan-projekt-kultura-muzyczna-1-768x768.png\",\"_512\":\"\\\/wp-content\\\/uploads\\\/2023\\\/07\\\/projekt-graficzny-wystawy-yos-poznan-projekt-kultura-muzyczna-1-512x512.png\",\"_265\":\"\\\/wp-content\\\/uploads\\\/2023\\\/07\\\/projekt-graficzny-wystawy-yos-poznan-projekt-kultura-muzyczna-1-265x265.png\"},\"w\":1080,\"h\":1080,\"ar\":1,\"alt\":\"\"},{\"type\":\"img\",\"attid\":6249,\"cont\":\"\\\/wp-content\\\/uploads\\\/2023\\\/07\\\/projektowanie-wystaw-muzealnych-yos-studio-poznan-kultura-muzyczna-1.png\",\"sizes\":{\"full\":\"\\\/wp-content\\\/uploads\\\/2023\\\/07\\\/projektowanie-wystaw-muzealnych-yos-studio-poznan-kultura-muzyczna-1.png\",\"_1024\":\"\\\/wp-content\\\/uploads\\\/2023\\\/07\\\/projektowanie-wystaw-muzealnych-yos-studio-poznan-kultura-muzyczna-1-1024x1024.png\",\"_768\":\"\\\/wp-content\\\/uploads\\\/2023\\\/07\\\/projektowanie-wystaw-muzealnych-yos-studio-poznan-kultura-muzyczna-1-768x768.png\",\"_512\":\"\\\/wp-content\\\/uploads\\\/2023\\\/07\\\/projektowanie-wystaw-muzealnych-yos-studio-poznan-kultura-muzyczna-1-512x512.png\",\"_265\":\"\\\/wp-content\\\/uploads\\\/2023\\\/07\\\/projektowanie-wystaw-muzealnych-yos-studio-poznan-kultura-muzyczna-1-265x265.png\"},\"w\":1080,\"h\":1080,\"ar\":1,\"alt\":\"\"},{\"type\":\"img\",\"attid\":6250,\"cont\":\"\\\/wp-content\\\/uploads\\\/2023\\\/07\\\/projektowanie-wystaw-yos-studio-agencja-graficzna-kultura-muzyczna.png\",\"sizes\":{\"full\":\"\\\/wp-content\\\/uploads\\\/2023\\\/07\\\/projektowanie-wystaw-yos-studio-agencja-graficzna-kultura-muzyczna.png\",\"_1024\":\"\\\/wp-content\\\/uploads\\\/2023\\\/07\\\/projektowanie-wystaw-yos-studio-agencja-graficzna-kultura-muzyczna-1024x1024.png\",\"_768\":\"\\\/wp-content\\\/uploads\\\/2023\\\/07\\\/projektowanie-wystaw-yos-studio-agencja-graficzna-kultura-muzyczna-768x768.png\",\"_512\":\"\\\/wp-content\\\/uploads\\\/2023\\\/07\\\/projektowanie-wystaw-yos-studio-agencja-graficzna-kultura-muzyczna-512x512.png\",\"_265\":\"\\\/wp-content\\\/uploads\\\/2023\\\/07\\\/projektowanie-wystaw-yos-studio-agencja-graficzna-kultura-muzyczna-265x265.png\"},\"w\":1080,\"h\":1080,\"ar\":1,\"alt\":\"\"},{\"type\":\"img\",\"attid\":6251,\"cont\":\"\\\/wp-content\\\/uploads\\\/2023\\\/07\\\/projekt-wystawy-yos-agencja-graficzna-poznan-kultura-muzyczna.png\",\"sizes\":{\"full\":\"\\\/wp-content\\\/uploads\\\/2023\\\/07\\\/projekt-wystawy-yos-agencja-graficzna-poznan-kultura-muzyczna.png\",\"_1024\":\"\\\/wp-content\\\/uploads\\\/2023\\\/07\\\/projekt-wystawy-yos-agencja-graficzna-poznan-kultura-muzyczna-1024x1024.png\",\"_768\":\"\\\/wp-content\\\/uploads\\\/2023\\\/07\\\/projekt-wystawy-yos-agencja-graficzna-poznan-kultura-muzyczna-768x768.png\",\"_512\":\"\\\/wp-content\\\/uploads\\\/2023\\\/07\\\/projekt-wystawy-yos-agencja-graficzna-poznan-kultura-muzyczna-512x512.png\",\"_265\":\"\\\/wp-content\\\/uploads\\\/2023\\\/07\\\/projekt-wystawy-yos-agencja-graficzna-poznan-kultura-muzyczna-265x265.png\"},\"w\":1080,\"h\":1080,\"ar\":1,\"alt\":\"\"},{\"type\":\"img\",\"attid\":6248,\"cont\":\"\\\/wp-content\\\/uploads\\\/2023\\\/07\\\/projektowanie-wystaw-muzealnych-yos-studio-poznan-kultura-muzyczna.png\",\"sizes\":{\"full\":\"\\\/wp-content\\\/uploads\\\/2023\\\/07\\\/projektowanie-wystaw-muzealnych-yos-studio-poznan-kultura-muzyczna.png\",\"_1024\":\"\\\/wp-content\\\/uploads\\\/2023\\\/07\\\/projektowanie-wystaw-muzealnych-yos-studio-poznan-kultura-muzyczna-1024x1024.png\",\"_768\":\"\\\/wp-content\\\/uploads\\\/2023\\\/07\\\/projektowanie-wystaw-muzealnych-yos-studio-poznan-kultura-muzyczna-768x768.png\",\"_512\":\"\\\/wp-content\\\/uploads\\\/2023\\\/07\\\/projektowanie-wystaw-muzealnych-yos-studio-poznan-kultura-muzyczna-512x512.png\",\"_265\":\"\\\/wp-content\\\/uploads\\\/2023\\\/07\\\/projektowanie-wystaw-muzealnych-yos-studio-poznan-kultura-muzyczna-265x265.png\"},\"w\":1080,\"h\":1080,\"ar\":1,\"alt\":\"\"}],\"absolute_position\":false,\"frameOverflow\":\"\"},{\"type\":\"carousel\",\"cont\":\"\",\"align\":\"top\",\"row\":9,\"col\":0,\"colspan\":11,\"offsetx\":0,\"offsety\":0,\"spaceabove\":0,\"spacebelow\":0,\"yvel\":1,\"push\":0,\"relid\":55,\"carousel_options\":{\"random\":false,\"autoplay\":false,\"showMultipleSlides\":false,\"freeScroll\":false,\"mousewheelScroll\":false,\"size\":\"aspectRatioOfFirstElement\",\"slidesWidth\":\"null\",\"transition\":\"fading\",\"loop\":\"1\",\"spaceBetween\":0,\"captionsUnderSlides\":false,\"autoplaySpeed\":3000,\"autoplayDelay\":0,\"transitionSpeed\":300},\"carousel\":[{\"type\":\"img\",\"attid\":6253,\"cont\":\"\\\/wp-content\\\/uploads\\\/2023\\\/07\\\/identyfikacja-wizualna-agencja-graficzna-yos-poznan-food-days.png\",\"sizes\":{\"full\":\"\\\/wp-content\\\/uploads\\\/2023\\\/07\\\/identyfikacja-wizualna-agencja-graficzna-yos-poznan-food-days.png\",\"_1024\":\"\\\/wp-content\\\/uploads\\\/2023\\\/07\\\/identyfikacja-wizualna-agencja-graficzna-yos-poznan-food-days-1024x1024.png\",\"_768\":\"\\\/wp-content\\\/uploads\\\/2023\\\/07\\\/identyfikacja-wizualna-agencja-graficzna-yos-poznan-food-days-768x768.png\",\"_512\":\"\\\/wp-content\\\/uploads\\\/2023\\\/07\\\/identyfikacja-wizualna-agencja-graficzna-yos-poznan-food-days-512x512.png\",\"_265\":\"\\\/wp-content\\\/uploads\\\/2023\\\/07\\\/identyfikacja-wizualna-agencja-graficzna-yos-poznan-food-days-265x265.png\"},\"w\":1080,\"h\":1080,\"ar\":1,\"alt\":\"\"},{\"type\":\"img\",\"attid\":6254,\"cont\":\"\\\/wp-content\\\/uploads\\\/2023\\\/07\\\/pattern-food-days-identyfikacja-wizualna-yos-studio-poznan.png\",\"sizes\":{\"full\":\"\\\/wp-content\\\/uploads\\\/2023\\\/07\\\/pattern-food-days-identyfikacja-wizualna-yos-studio-poznan.png\",\"_1024\":\"\\\/wp-content\\\/uploads\\\/2023\\\/07\\\/pattern-food-days-identyfikacja-wizualna-yos-studio-poznan-1024x1024.png\",\"_768\":\"\\\/wp-content\\\/uploads\\\/2023\\\/07\\\/pattern-food-days-identyfikacja-wizualna-yos-studio-poznan-768x768.png\",\"_512\":\"\\\/wp-content\\\/uploads\\\/2023\\\/07\\\/pattern-food-days-identyfikacja-wizualna-yos-studio-poznan-512x512.png\",\"_265\":\"\\\/wp-content\\\/uploads\\\/2023\\\/07\\\/pattern-food-days-identyfikacja-wizualna-yos-studio-poznan-265x265.png\"},\"w\":1080,\"h\":1080,\"ar\":1,\"alt\":\"\"},{\"type\":\"img\",\"attid\":6252,\"cont\":\"\\\/wp-content\\\/uploads\\\/2023\\\/07\\\/food-days-projekt-ulotka-yos-studio-poznan.png\",\"sizes\":{\"full\":\"\\\/wp-content\\\/uploads\\\/2023\\\/07\\\/food-days-projekt-ulotka-yos-studio-poznan.png\",\"_1024\":\"\\\/wp-content\\\/uploads\\\/2023\\\/07\\\/food-days-projekt-ulotka-yos-studio-poznan-1024x1024.png\",\"_768\":\"\\\/wp-content\\\/uploads\\\/2023\\\/07\\\/food-days-projekt-ulotka-yos-studio-poznan-768x768.png\",\"_512\":\"\\\/wp-content\\\/uploads\\\/2023\\\/07\\\/food-days-projekt-ulotka-yos-studio-poznan-512x512.png\",\"_265\":\"\\\/wp-content\\\/uploads\\\/2023\\\/07\\\/food-days-projekt-ulotka-yos-studio-poznan-265x265.png\"},\"w\":1080,\"h\":1080,\"ar\":1,\"alt\":\"\"},{\"type\":\"img\",\"attid\":6255,\"cont\":\"\\\/wp-content\\\/uploads\\\/2023\\\/07\\\/projekt-identyfikacji-wizualnej-food-days-agencja-graficzna-yos.png\",\"sizes\":{\"full\":\"\\\/wp-content\\\/uploads\\\/2023\\\/07\\\/projekt-identyfikacji-wizualnej-food-days-agencja-graficzna-yos.png\",\"_1024\":\"\\\/wp-content\\\/uploads\\\/2023\\\/07\\\/projekt-identyfikacji-wizualnej-food-days-agencja-graficzna-yos-1024x1024.png\",\"_768\":\"\\\/wp-content\\\/uploads\\\/2023\\\/07\\\/projekt-identyfikacji-wizualnej-food-days-agencja-graficzna-yos-768x768.png\",\"_512\":\"\\\/wp-content\\\/uploads\\\/2023\\\/07\\\/projekt-identyfikacji-wizualnej-food-days-agencja-graficzna-yos-512x512.png\",\"_265\":\"\\\/wp-content\\\/uploads\\\/2023\\\/07\\\/projekt-identyfikacji-wizualnej-food-days-agencja-graficzna-yos-265x265.png\"},\"w\":1080,\"h\":1080,\"ar\":1,\"alt\":\"\"},{\"type\":\"img\",\"attid\":6256,\"cont\":\"\\\/wp-content\\\/uploads\\\/2023\\\/07\\\/system-identyfikacji-wizualnej-yos-studio-projekt-food-days.png\",\"sizes\":{\"full\":\"\\\/wp-content\\\/uploads\\\/2023\\\/07\\\/system-identyfikacji-wizualnej-yos-studio-projekt-food-days.png\",\"_1024\":\"\\\/wp-content\\\/uploads\\\/2023\\\/07\\\/system-identyfikacji-wizualnej-yos-studio-projekt-food-days-1024x1024.png\",\"_768\":\"\\\/wp-content\\\/uploads\\\/2023\\\/07\\\/system-identyfikacji-wizualnej-yos-studio-projekt-food-days-768x768.png\",\"_512\":\"\\\/wp-content\\\/uploads\\\/2023\\\/07\\\/system-identyfikacji-wizualnej-yos-studio-projekt-food-days-512x512.png\",\"_265\":\"\\\/wp-content\\\/uploads\\\/2023\\\/07\\\/system-identyfikacji-wizualnej-yos-studio-projekt-food-days-265x265.png\"},\"w\":1080,\"h\":1080,\"ar\":1,\"alt\":\"\"}],\"absolute_position\":false,\"frameOverflow\":\"\"},{\"type\":\"text\",\"cont\":\"<h2 class=\\\"_h2_namu\\\">POZNA\\u0143 FOOD DAYS<\\\/h2><div title=\\\"Page 5\\\"><div title=\\\"Page 5\\\"><p class=\\\"_tekstowy\\\" style=\\\"text-align: left;\\\">The visual identity for Pozna\\u0144 Food Days, commissioned by the Pozna\\u0144 City Hall, turned out to be one of the most pleasing creations. We abandoned the use of typical food photographs, replacing them with abstract icons. These minimalist forms alluding to the richness of flavors of cuisines from all over the world, perfectly filled the numerous marketing materials (posters, flyers, programmes, T-shirts, bags) that almost flooded the city.<\\\/p><\\\/div><\\\/div><p>\\u00a0<\\\/p><p class=\\\"_Text\\\"><span style=\\\"font-family: ApercuPro-Regular_0; font-size: 16px;\\\"><span style=\\\"font-weight: 400;\\\"> <a class=\\\"multiple-gradient\\\" href=\\\"https:\\\/\\\/www.yos-studio.com\\\/food\\\/\\\" data-type=\\\"project\\\" data-id=\\\"86\\\" data-title=\\\"Pozna\\u0144 Food Days\\\" data-catid=\\\"[5]\\\">Check the project<\\\/a><\\\/span><\\\/span><\\\/p>\",\"align\":\"middle\",\"row\":9,\"col\":13,\"colspan\":7,\"offsetx\":0,\"offsety\":0,\"spaceabove\":0,\"spacebelow\":0,\"yvel\":1,\"push\":2,\"relid\":57,\"absolute_position\":false,\"frameOverflow\":\"\",\"dosync\":false},{\"type\":\"text\",\"cont\":\"<h2 class=\\\"_h2_namu\\\">LET'S TALK ABOUT GARBAGE<\\\/h2><div title=\\\"Page 5\\\"><div title=\\\"Page 5\\\"><p class=\\\"_tekstowy\\\" style=\\\"text-align: left;\\\">We realized the visual identity of the international exhibition 'Let's talk about garbage' presented at the 2016 Venice Architecture Biennale. The scope of work included the stylistic development of the exhibition's typography (lettering, timeline, infographics), which was subordinated to the design of the promotional materials (posters, flyers, publications, artistic postcards). Our creation perfectly conveyed the idea of the exhibition, which is why it was decided to use it for future editions of the project.<\\\/p><\\\/div><\\\/div><p>\\u00a0<\\\/p><p class=\\\"_Text\\\"><span style=\\\"font-family: ApercuPro-Regular_0; font-size: 16px;\\\"><span style=\\\"font-weight: 400;\\\"> <a class=\\\"multiple-gradient\\\" href=\\\"https:\\\/\\\/www.yos-studio.com\\\/garbage\\\/\\\" data-type=\\\"project\\\" data-id=\\\"1604\\\" data-title=\\\"Let's Talk About Garbage\\\" data-catid=\\\"[5]\\\">See the project<\\\/a><\\\/span><\\\/span><\\\/p>\",\"align\":\"middle\",\"row\":10,\"col\":2,\"colspan\":7,\"offsetx\":0,\"offsety\":0,\"spaceabove\":0,\"spacebelow\":0,\"yvel\":1,\"push\":2,\"relid\":1354,\"absolute_position\":false,\"dosync\":false},{\"type\":\"carousel\",\"cont\":\"\",\"align\":\"top\",\"row\":10,\"col\":11,\"colspan\":11,\"offsetx\":0,\"offsety\":0,\"spaceabove\":0,\"spacebelow\":0,\"yvel\":1,\"push\":2,\"relid\":56,\"carousel_options\":{\"random\":false,\"autoplay\":false,\"showMultipleSlides\":false,\"freeScroll\":false,\"mousewheelScroll\":false,\"size\":\"aspectRatioOfFirstElement\",\"slidesWidth\":\"null\",\"transition\":\"fading\",\"loop\":\"1\",\"spaceBetween\":0,\"captionsUnderSlides\":false,\"autoplaySpeed\":3000,\"autoplayDelay\":0,\"transitionSpeed\":300},\"carousel\":[{\"type\":\"img\",\"attid\":6267,\"cont\":\"\\\/wp-content\\\/uploads\\\/2023\\\/07\\\/projekt-identyfikacji-wizualnej-agencja-graficzna-yos-poznan-garbage.png\",\"sizes\":{\"full\":\"\\\/wp-content\\\/uploads\\\/2023\\\/07\\\/projekt-identyfikacji-wizualnej-agencja-graficzna-yos-poznan-garbage.png\",\"_1024\":\"\\\/wp-content\\\/uploads\\\/2023\\\/07\\\/projekt-identyfikacji-wizualnej-agencja-graficzna-yos-poznan-garbage-1024x1024.png\",\"_768\":\"\\\/wp-content\\\/uploads\\\/2023\\\/07\\\/projekt-identyfikacji-wizualnej-agencja-graficzna-yos-poznan-garbage-768x768.png\",\"_512\":\"\\\/wp-content\\\/uploads\\\/2023\\\/07\\\/projekt-identyfikacji-wizualnej-agencja-graficzna-yos-poznan-garbage-512x512.png\",\"_265\":\"\\\/wp-content\\\/uploads\\\/2023\\\/07\\\/projekt-identyfikacji-wizualnej-agencja-graficzna-yos-poznan-garbage-265x265.png\"},\"w\":1080,\"h\":1080,\"ar\":1,\"alt\":\"\"},{\"type\":\"img\",\"attid\":6266,\"cont\":\"\\\/wp-content\\\/uploads\\\/2023\\\/07\\\/motyw-do-identyfikacji-wizualnej-wystawy-garbage-yos-studio.png\",\"sizes\":{\"full\":\"\\\/wp-content\\\/uploads\\\/2023\\\/07\\\/motyw-do-identyfikacji-wizualnej-wystawy-garbage-yos-studio.png\",\"_1024\":\"\\\/wp-content\\\/uploads\\\/2023\\\/07\\\/motyw-do-identyfikacji-wizualnej-wystawy-garbage-yos-studio-1024x1024.png\",\"_768\":\"\\\/wp-content\\\/uploads\\\/2023\\\/07\\\/motyw-do-identyfikacji-wizualnej-wystawy-garbage-yos-studio-768x768.png\",\"_512\":\"\\\/wp-content\\\/uploads\\\/2023\\\/07\\\/motyw-do-identyfikacji-wizualnej-wystawy-garbage-yos-studio-512x512.png\",\"_265\":\"\\\/wp-content\\\/uploads\\\/2023\\\/07\\\/motyw-do-identyfikacji-wizualnej-wystawy-garbage-yos-studio-265x265.png\"},\"w\":1080,\"h\":1080,\"ar\":1,\"alt\":\"\"},{\"type\":\"img\",\"attid\":6265,\"cont\":\"\\\/wp-content\\\/uploads\\\/2023\\\/07\\\/ikony-do-identyfikacji-wizualnej-wystawy-garbage-yos-poznan.png\",\"sizes\":{\"full\":\"\\\/wp-content\\\/uploads\\\/2023\\\/07\\\/ikony-do-identyfikacji-wizualnej-wystawy-garbage-yos-poznan.png\",\"_1024\":\"\\\/wp-content\\\/uploads\\\/2023\\\/07\\\/ikony-do-identyfikacji-wizualnej-wystawy-garbage-yos-poznan-1024x1024.png\",\"_768\":\"\\\/wp-content\\\/uploads\\\/2023\\\/07\\\/ikony-do-identyfikacji-wizualnej-wystawy-garbage-yos-poznan-768x768.png\",\"_512\":\"\\\/wp-content\\\/uploads\\\/2023\\\/07\\\/ikony-do-identyfikacji-wizualnej-wystawy-garbage-yos-poznan-512x512.png\",\"_265\":\"\\\/wp-content\\\/uploads\\\/2023\\\/07\\\/ikony-do-identyfikacji-wizualnej-wystawy-garbage-yos-poznan-265x265.png\"},\"w\":1080,\"h\":1080,\"ar\":1,\"alt\":\"\"},{\"type\":\"img\",\"attid\":6268,\"cont\":\"\\\/wp-content\\\/uploads\\\/2023\\\/07\\\/projekt-plakatu-agencja-graficzna-yos-wystawa-garbage.png\",\"sizes\":{\"full\":\"\\\/wp-content\\\/uploads\\\/2023\\\/07\\\/projekt-plakatu-agencja-graficzna-yos-wystawa-garbage.png\",\"_1024\":\"\\\/wp-content\\\/uploads\\\/2023\\\/07\\\/projekt-plakatu-agencja-graficzna-yos-wystawa-garbage-1024x1024.png\",\"_768\":\"\\\/wp-content\\\/uploads\\\/2023\\\/07\\\/projekt-plakatu-agencja-graficzna-yos-wystawa-garbage-768x768.png\",\"_512\":\"\\\/wp-content\\\/uploads\\\/2023\\\/07\\\/projekt-plakatu-agencja-graficzna-yos-wystawa-garbage-512x512.png\",\"_265\":\"\\\/wp-content\\\/uploads\\\/2023\\\/07\\\/projekt-plakatu-agencja-graficzna-yos-wystawa-garbage-265x265.png\"},\"w\":1080,\"h\":1080,\"ar\":1,\"alt\":\"\"},{\"type\":\"img\",\"attid\":6269,\"cont\":\"\\\/wp-content\\\/uploads\\\/2023\\\/07\\\/system-identyfikacji-wizualnej-wystawy-yos-studio-poznan-garbage.png\",\"sizes\":{\"full\":\"\\\/wp-content\\\/uploads\\\/2023\\\/07\\\/system-identyfikacji-wizualnej-wystawy-yos-studio-poznan-garbage.png\",\"_1024\":\"\\\/wp-content\\\/uploads\\\/2023\\\/07\\\/system-identyfikacji-wizualnej-wystawy-yos-studio-poznan-garbage-1024x1024.png\",\"_768\":\"\\\/wp-content\\\/uploads\\\/2023\\\/07\\\/system-identyfikacji-wizualnej-wystawy-yos-studio-poznan-garbage-768x768.png\",\"_512\":\"\\\/wp-content\\\/uploads\\\/2023\\\/07\\\/system-identyfikacji-wizualnej-wystawy-yos-studio-poznan-garbage-512x512.png\",\"_265\":\"\\\/wp-content\\\/uploads\\\/2023\\\/07\\\/system-identyfikacji-wizualnej-wystawy-yos-studio-poznan-garbage-265x265.png\"},\"w\":1080,\"h\":1080,\"ar\":1,\"alt\":\"\"}],\"absolute_position\":false},{\"type\":\"stack\",\"cont\":[{\"type\":\"text\",\"cont\":\"<p style=\\\"text-align: center; line-height: 0.8;\\\"><span style=\\\"font-family: FONT-YOS-SOCIAL; font-size: 80px;\\\">Looking for support in branding your event?<\\\/span><\\\/p>\",\"align\":\"top\",\"row\":-1,\"col\":6,\"colspan\":8,\"offsetx\":0,\"offsety\":0,\"spaceabove\":0,\"spacebelow\":0,\"yvel\":1,\"push\":6,\"relid\":76,\"absolute_position\":false},{\"type\":\"text\",\"cont\":\"<p style=\\\"text-align: center;\\\"><span style=\\\"font-family: ApercuPro-Regular_0; font-size: 26px;\\\">We create cohesive and eye-catching branding that highlights the unique character of your event.<\\\/span><\\\/p>\",\"align\":\"middle\",\"row\":-1,\"col\":6,\"colspan\":8,\"offsetx\":0,\"offsety\":0,\"spaceabove\":3,\"spacebelow\":3,\"yvel\":1,\"push\":6,\"relid\":78,\"absolute_position\":false},{\"type\":\"text\",\"cont\":\"<p style=\\\"text-align: center;\\\"><span style=\\\"font-family: ApercuPro-Regular_0;\\\"> <span style=\\\"font-size: 26px;\\\">Let's talk:<\\\/span> <br \\\/><\\\/span> <a style=\\\"font-family: FONT-YOS-SOCIAL; font-size: 90px; text-decoration: none;\\\" href=\\\"tel:+48512715114\\\"> +48 512 715 114 <\\\/a> <br \\\/><br \\\/><\\\/p><p style=\\\"text-align: center;\\\"><span style=\\\"font-size: 26px; font-family: ApercuPro-Regular_0;\\\"> Send a brief to <br \\\/><a style=\\\"font-family: FONT-YOS-SOCIAL; font-size: 90px; text-decoration: none;\\\" href=\\\"mailto:Biuro@yos-studio.com\\\"> Biuro@yos-studio.com <\\\/a> <br \\\/><\\\/span><\\\/p>\",\"align\":\"bottom\",\"row\":-1,\"col\":6,\"colspan\":8,\"offsetx\":0,\"offsety\":0,\"spaceabove\":0,\"spacebelow\":3,\"yvel\":1,\"push\":6,\"relid\":79,\"absolute_position\":false},{\"type\":\"text\",\"cont\":\"<p style=\\\"text-align: center;\\\"><a style=\\\"text-decoration: none;\\\" href=\\\"\\\/brief\\\/\\\"><span style=\\\"font-family: NAMU-1990;\\\">Send brief ID<\\\/span><\\\/a><\\\/p>\",\"align\":\"bottom\",\"row\":-1,\"col\":8,\"colspan\":4,\"offsetx\":0,\"offsety\":0,\"spaceabove\":0,\"spacebelow\":0,\"yvel\":1,\"push\":8,\"relid\":80,\"classes\":\"primary-btn\",\"absolute_position\":false}],\"align\":\"top\",\"row\":11,\"col\":1,\"colspan\":20,\"offsetx\":0,\"offsety\":0,\"spaceabove\":5,\"spacebelow\":5,\"yvel\":1,\"push\":1,\"relid\":24,\"absolute_position\":true},{\"type\":\"text\",\"cont\":\"<p class=\\\"_Text\\\" style=\\\"text-align: center; line-height: 1;\\\"><span style=\\\"letter-spacing: 0.03em; font-size: 23px; font-family: ApercuPro-Light_0;\\\">See our projects:<\\\/span><\\\/p>\",\"align\":\"top\",\"row\":12,\"col\":5,\"colspan\":12,\"offsetx\":0,\"offsety\":0,\"spaceabove\":5,\"spacebelow\":5,\"yvel\":1,\"push\":5,\"relid\":8,\"absolute_position\":false},{\"type\":\"elementgrid\",\"cont\":\"\",\"align\":\"top\",\"row\":13,\"col\":2,\"colspan\":18,\"offsetx\":0,\"offsety\":0,\"spaceabove\":0,\"spacebelow\":0,\"yvel\":1,\"push\":2,\"relid\":23,\"config\":{\"desktop\":{\"colCount\":4,\"colGutter\":1,\"rowGutter\":1},\"tablet\":{\"colCount\":2,\"colGutter\":1,\"rowGutter\":1},\"phone\":{\"colCount\":1,\"colGutter\":1,\"rowGutter\":1},\"layoutType\":\"masonry\",\"elements\":[{\"type\":\"postThumbnail\",\"title\":\"Visual Identity\",\"postid\":3723,\"descr\":\"\",\"link\":\"\\\/identyfikacja-wizualna\\\/\",\"attid\":5015,\"ar\":0.7587628865979381,\"cont\":\"\\\/wp-content\\\/uploads\\\/2022\\\/03\\\/identyfikacja-wizualna-logo-branding-poznan-okladka.png\",\"sizes\":{\"_265\":\"\\\/wp-content\\\/uploads\\\/2022\\\/03\\\/identyfikacja-wizualna-logo-branding-poznan-okladka-265x201.png\",\"_512\":\"\\\/wp-content\\\/uploads\\\/2022\\\/03\\\/identyfikacja-wizualna-logo-branding-poznan-okladka.png\",\"_768\":\"\\\/wp-content\\\/uploads\\\/2022\\\/03\\\/identyfikacja-wizualna-logo-branding-poznan-okladka.png\",\"_1024\":\"\\\/wp-content\\\/uploads\\\/2022\\\/03\\\/identyfikacja-wizualna-logo-branding-poznan-okladka.png\",\"_1280\":\"\\\/wp-content\\\/uploads\\\/2022\\\/03\\\/identyfikacja-wizualna-logo-branding-poznan-okladka.png\",\"_1920\":\"\\\/wp-content\\\/uploads\\\/2022\\\/03\\\/identyfikacja-wizualna-logo-branding-poznan-okladka.png\",\"_2560\":\"\\\/wp-content\\\/uploads\\\/2022\\\/03\\\/identyfikacja-wizualna-logo-branding-poznan-okladka.png\",\"_3200\":\"\\\/wp-content\\\/uploads\\\/2022\\\/03\\\/identyfikacja-wizualna-logo-branding-poznan-okladka.png\",\"_3840\":\"\\\/wp-content\\\/uploads\\\/2022\\\/03\\\/identyfikacja-wizualna-logo-branding-poznan-okladka.png\",\"_4096\":\"\\\/wp-content\\\/uploads\\\/2022\\\/03\\\/identyfikacja-wizualna-logo-branding-poznan-okladka.png\",\"full\":\"\\\/wp-content\\\/uploads\\\/2022\\\/03\\\/identyfikacja-wizualna-logo-branding-poznan-okladka.png\"},\"mo_sizes\":{\"_265\":\"\\\/wp-content\\\/uploads\\\/2021\\\/12\\\/identyfikacja-wizualna-poznan-agencja-reklamowa-studio-graficzne-branding-okladka-265x199.png\",\"_512\":\"\\\/wp-content\\\/uploads\\\/2021\\\/12\\\/identyfikacja-wizualna-poznan-agencja-reklamowa-studio-graficzne-branding-okladka.png\",\"_768\":\"\\\/wp-content\\\/uploads\\\/2021\\\/12\\\/identyfikacja-wizualna-poznan-agencja-reklamowa-studio-graficzne-branding-okladka.png\",\"_1024\":\"\\\/wp-content\\\/uploads\\\/2021\\\/12\\\/identyfikacja-wizualna-poznan-agencja-reklamowa-studio-graficzne-branding-okladka.png\",\"_1280\":\"\\\/wp-content\\\/uploads\\\/2021\\\/12\\\/identyfikacja-wizualna-poznan-agencja-reklamowa-studio-graficzne-branding-okladka.png\",\"_1920\":\"\\\/wp-content\\\/uploads\\\/2021\\\/12\\\/identyfikacja-wizualna-poznan-agencja-reklamowa-studio-graficzne-branding-okladka.png\",\"_2560\":\"\\\/wp-content\\\/uploads\\\/2021\\\/12\\\/identyfikacja-wizualna-poznan-agencja-reklamowa-studio-graficzne-branding-okladka.png\",\"_3200\":\"\\\/wp-content\\\/uploads\\\/2021\\\/12\\\/identyfikacja-wizualna-poznan-agencja-reklamowa-studio-graficzne-branding-okladka.png\",\"_3840\":\"\\\/wp-content\\\/uploads\\\/2021\\\/12\\\/identyfikacja-wizualna-poznan-agencja-reklamowa-studio-graficzne-branding-okladka.png\",\"_4096\":\"\\\/wp-content\\\/uploads\\\/2021\\\/12\\\/identyfikacja-wizualna-poznan-agencja-reklamowa-studio-graficzne-branding-okladka.png\",\"full\":\"\\\/wp-content\\\/uploads\\\/2021\\\/12\\\/identyfikacja-wizualna-poznan-agencja-reklamowa-studio-graficzne-branding-okladka.png\"},\"mo_h\":375,\"mo_w\":500,\"video_url\":\"\",\"video_w\":0,\"video_h\":0,\"tags\":[],\"mo_attid\":\"5041\",\"w\":485,\"h\":368},{\"type\":\"postThumbnail\",\"title\":\"Printed advertising materials\",\"postid\":3623,\"descr\":\"\",\"link\":\"\\\/druk\\\/\",\"attid\":5013,\"ar\":0.757700205338809,\"cont\":\"\\\/wp-content\\\/uploads\\\/2022\\\/03\\\/drukowane-materialy-reklamowe-poznan-oferta-okladka.png\",\"sizes\":{\"_265\":\"\\\/wp-content\\\/uploads\\\/2022\\\/03\\\/drukowane-materialy-reklamowe-poznan-oferta-okladka-265x201.png\",\"_512\":\"\\\/wp-content\\\/uploads\\\/2022\\\/03\\\/drukowane-materialy-reklamowe-poznan-oferta-okladka.png\",\"_768\":\"\\\/wp-content\\\/uploads\\\/2022\\\/03\\\/drukowane-materialy-reklamowe-poznan-oferta-okladka.png\",\"_1024\":\"\\\/wp-content\\\/uploads\\\/2022\\\/03\\\/drukowane-materialy-reklamowe-poznan-oferta-okladka.png\",\"_1280\":\"\\\/wp-content\\\/uploads\\\/2022\\\/03\\\/drukowane-materialy-reklamowe-poznan-oferta-okladka.png\",\"_1920\":\"\\\/wp-content\\\/uploads\\\/2022\\\/03\\\/drukowane-materialy-reklamowe-poznan-oferta-okladka.png\",\"_2560\":\"\\\/wp-content\\\/uploads\\\/2022\\\/03\\\/drukowane-materialy-reklamowe-poznan-oferta-okladka.png\",\"_3200\":\"\\\/wp-content\\\/uploads\\\/2022\\\/03\\\/drukowane-materialy-reklamowe-poznan-oferta-okladka.png\",\"_3840\":\"\\\/wp-content\\\/uploads\\\/2022\\\/03\\\/drukowane-materialy-reklamowe-poznan-oferta-okladka.png\",\"_4096\":\"\\\/wp-content\\\/uploads\\\/2022\\\/03\\\/drukowane-materialy-reklamowe-poznan-oferta-okladka.png\",\"full\":\"\\\/wp-content\\\/uploads\\\/2022\\\/03\\\/drukowane-materialy-reklamowe-poznan-oferta-okladka.png\"},\"mo_sizes\":{\"_265\":\"\\\/wp-content\\\/uploads\\\/2022\\\/03\\\/drukowane-materialy-reklamowe-poznan-oferta-okladka-2-265x201.png\",\"_512\":\"\\\/wp-content\\\/uploads\\\/2022\\\/03\\\/drukowane-materialy-reklamowe-poznan-oferta-okladka-2.png\",\"_768\":\"\\\/wp-content\\\/uploads\\\/2022\\\/03\\\/drukowane-materialy-reklamowe-poznan-oferta-okladka-2.png\",\"_1024\":\"\\\/wp-content\\\/uploads\\\/2022\\\/03\\\/drukowane-materialy-reklamowe-poznan-oferta-okladka-2.png\",\"_1280\":\"\\\/wp-content\\\/uploads\\\/2022\\\/03\\\/drukowane-materialy-reklamowe-poznan-oferta-okladka-2.png\",\"_1920\":\"\\\/wp-content\\\/uploads\\\/2022\\\/03\\\/drukowane-materialy-reklamowe-poznan-oferta-okladka-2.png\",\"_2560\":\"\\\/wp-content\\\/uploads\\\/2022\\\/03\\\/drukowane-materialy-reklamowe-poznan-oferta-okladka-2.png\",\"_3200\":\"\\\/wp-content\\\/uploads\\\/2022\\\/03\\\/drukowane-materialy-reklamowe-poznan-oferta-okladka-2.png\",\"_3840\":\"\\\/wp-content\\\/uploads\\\/2022\\\/03\\\/drukowane-materialy-reklamowe-poznan-oferta-okladka-2.png\",\"_4096\":\"\\\/wp-content\\\/uploads\\\/2022\\\/03\\\/drukowane-materialy-reklamowe-poznan-oferta-okladka-2.png\",\"full\":\"\\\/wp-content\\\/uploads\\\/2022\\\/03\\\/drukowane-materialy-reklamowe-poznan-oferta-okladka-2.png\"},\"mo_h\":369,\"mo_w\":487,\"video_url\":\"\",\"video_w\":0,\"video_h\":0,\"tags\":[],\"w\":487,\"h\":369,\"mo_attid\":\"5014\"},{\"type\":\"postThumbnail\",\"title\":\"Websites and mobille app design\",\"postid\":5070,\"descr\":\"\",\"link\":\"\\\/web-design\\\/\",\"attid\":5236,\"ar\":0.757700205338809,\"cont\":\"\\\/wp-content\\\/uploads\\\/2022\\\/04\\\/projekt-strony-internetowej-dla-firm-09.png\",\"sizes\":{\"_265\":\"\\\/wp-content\\\/uploads\\\/2022\\\/04\\\/projekt-strony-internetowej-dla-firm-09-265x201.png\",\"_512\":\"\\\/wp-content\\\/uploads\\\/2022\\\/04\\\/projekt-strony-internetowej-dla-firm-09.png\",\"_768\":\"\\\/wp-content\\\/uploads\\\/2022\\\/04\\\/projekt-strony-internetowej-dla-firm-09.png\",\"_1024\":\"\\\/wp-content\\\/uploads\\\/2022\\\/04\\\/projekt-strony-internetowej-dla-firm-09.png\",\"_1280\":\"\\\/wp-content\\\/uploads\\\/2022\\\/04\\\/projekt-strony-internetowej-dla-firm-09.png\",\"_1920\":\"\\\/wp-content\\\/uploads\\\/2022\\\/04\\\/projekt-strony-internetowej-dla-firm-09.png\",\"_2560\":\"\\\/wp-content\\\/uploads\\\/2022\\\/04\\\/projekt-strony-internetowej-dla-firm-09.png\",\"_3200\":\"\\\/wp-content\\\/uploads\\\/2022\\\/04\\\/projekt-strony-internetowej-dla-firm-09.png\",\"_3840\":\"\\\/wp-content\\\/uploads\\\/2022\\\/04\\\/projekt-strony-internetowej-dla-firm-09.png\",\"_4096\":\"\\\/wp-content\\\/uploads\\\/2022\\\/04\\\/projekt-strony-internetowej-dla-firm-09.png\",\"full\":\"\\\/wp-content\\\/uploads\\\/2022\\\/04\\\/projekt-strony-internetowej-dla-firm-09.png\"},\"mo_sizes\":{\"_265\":\"\\\/wp-content\\\/uploads\\\/2022\\\/04\\\/responsywna-strona-internetowa-na-telefon-projekt-10-265x201.png\",\"_512\":\"\\\/wp-content\\\/uploads\\\/2022\\\/04\\\/responsywna-strona-internetowa-na-telefon-projekt-10.png\",\"_768\":\"\\\/wp-content\\\/uploads\\\/2022\\\/04\\\/responsywna-strona-internetowa-na-telefon-projekt-10.png\",\"_1024\":\"\\\/wp-content\\\/uploads\\\/2022\\\/04\\\/responsywna-strona-internetowa-na-telefon-projekt-10.png\",\"_1280\":\"\\\/wp-content\\\/uploads\\\/2022\\\/04\\\/responsywna-strona-internetowa-na-telefon-projekt-10.png\",\"_1920\":\"\\\/wp-content\\\/uploads\\\/2022\\\/04\\\/responsywna-strona-internetowa-na-telefon-projekt-10.png\",\"_2560\":\"\\\/wp-content\\\/uploads\\\/2022\\\/04\\\/responsywna-strona-internetowa-na-telefon-projekt-10.png\",\"_3200\":\"\\\/wp-content\\\/uploads\\\/2022\\\/04\\\/responsywna-strona-internetowa-na-telefon-projekt-10.png\",\"_3840\":\"\\\/wp-content\\\/uploads\\\/2022\\\/04\\\/responsywna-strona-internetowa-na-telefon-projekt-10.png\",\"_4096\":\"\\\/wp-content\\\/uploads\\\/2022\\\/04\\\/responsywna-strona-internetowa-na-telefon-projekt-10.png\",\"full\":\"\\\/wp-content\\\/uploads\\\/2022\\\/04\\\/responsywna-strona-internetowa-na-telefon-projekt-10.png\"},\"mo_h\":369,\"mo_w\":487,\"video_url\":\"\",\"video_w\":0,\"video_h\":0,\"tags\":[],\"mo_attid\":\"5237\",\"w\":487,\"h\":369},{\"type\":\"postThumbnail\",\"title\":\"Exhibition designs and execution of expositions\",\"postid\":3808,\"descr\":\"\",\"link\":\"\\\/wystawy\\\/\",\"attid\":5035,\"ar\":0.757700205338809,\"cont\":\"\\\/wp-content\\\/uploads\\\/2022\\\/03\\\/projektowanie-wystaw-i-montaz-ekspozycji-poznan-okladka.png\",\"sizes\":{\"_265\":\"\\\/wp-content\\\/uploads\\\/2022\\\/03\\\/projektowanie-wystaw-i-montaz-ekspozycji-poznan-okladka-265x201.png\",\"_512\":\"\\\/wp-content\\\/uploads\\\/2022\\\/03\\\/projektowanie-wystaw-i-montaz-ekspozycji-poznan-okladka.png\",\"_768\":\"\\\/wp-content\\\/uploads\\\/2022\\\/03\\\/projektowanie-wystaw-i-montaz-ekspozycji-poznan-okladka.png\",\"_1024\":\"\\\/wp-content\\\/uploads\\\/2022\\\/03\\\/projektowanie-wystaw-i-montaz-ekspozycji-poznan-okladka.png\",\"_1280\":\"\\\/wp-content\\\/uploads\\\/2022\\\/03\\\/projektowanie-wystaw-i-montaz-ekspozycji-poznan-okladka.png\",\"_1920\":\"\\\/wp-content\\\/uploads\\\/2022\\\/03\\\/projektowanie-wystaw-i-montaz-ekspozycji-poznan-okladka.png\",\"_2560\":\"\\\/wp-content\\\/uploads\\\/2022\\\/03\\\/projektowanie-wystaw-i-montaz-ekspozycji-poznan-okladka.png\",\"_3200\":\"\\\/wp-content\\\/uploads\\\/2022\\\/03\\\/projektowanie-wystaw-i-montaz-ekspozycji-poznan-okladka.png\",\"_3840\":\"\\\/wp-content\\\/uploads\\\/2022\\\/03\\\/projektowanie-wystaw-i-montaz-ekspozycji-poznan-okladka.png\",\"_4096\":\"\\\/wp-content\\\/uploads\\\/2022\\\/03\\\/projektowanie-wystaw-i-montaz-ekspozycji-poznan-okladka.png\",\"full\":\"\\\/wp-content\\\/uploads\\\/2022\\\/03\\\/projektowanie-wystaw-i-montaz-ekspozycji-poznan-okladka.png\"},\"mo_sizes\":{\"_265\":\"\\\/wp-content\\\/uploads\\\/2022\\\/03\\\/stoiska-targowe-poznan-ekspozycja-wystawy-okladka-265x201.png\",\"_512\":\"\\\/wp-content\\\/uploads\\\/2022\\\/03\\\/stoiska-targowe-poznan-ekspozycja-wystawy-okladka.png\",\"_768\":\"\\\/wp-content\\\/uploads\\\/2022\\\/03\\\/stoiska-targowe-poznan-ekspozycja-wystawy-okladka.png\",\"_1024\":\"\\\/wp-content\\\/uploads\\\/2022\\\/03\\\/stoiska-targowe-poznan-ekspozycja-wystawy-okladka.png\",\"_1280\":\"\\\/wp-content\\\/uploads\\\/2022\\\/03\\\/stoiska-targowe-poznan-ekspozycja-wystawy-okladka.png\",\"_1920\":\"\\\/wp-content\\\/uploads\\\/2022\\\/03\\\/stoiska-targowe-poznan-ekspozycja-wystawy-okladka.png\",\"_2560\":\"\\\/wp-content\\\/uploads\\\/2022\\\/03\\\/stoiska-targowe-poznan-ekspozycja-wystawy-okladka.png\",\"_3200\":\"\\\/wp-content\\\/uploads\\\/2022\\\/03\\\/stoiska-targowe-poznan-ekspozycja-wystawy-okladka.png\",\"_3840\":\"\\\/wp-content\\\/uploads\\\/2022\\\/03\\\/stoiska-targowe-poznan-ekspozycja-wystawy-okladka.png\",\"_4096\":\"\\\/wp-content\\\/uploads\\\/2022\\\/03\\\/stoiska-targowe-poznan-ekspozycja-wystawy-okladka.png\",\"full\":\"\\\/wp-content\\\/uploads\\\/2022\\\/03\\\/stoiska-targowe-poznan-ekspozycja-wystawy-okladka.png\"},\"mo_h\":369,\"mo_w\":487,\"video_url\":\"\",\"video_w\":0,\"video_h\":0,\"tags\":[],\"mo_attid\":\"5039\",\"w\":487,\"h\":369}],\"addtostart\":false,\"gutterMu\":\"%\"},\"frameOverflow\":\"\",\"absolute_position\":false},{\"type\":\"elementgrid\",\"cont\":\"\",\"align\":\"top\",\"row\":14,\"col\":2,\"colspan\":18,\"offsetx\":0,\"offsety\":0,\"spaceabove\":0,\"spacebelow\":0,\"yvel\":1,\"push\":2,\"relid\":26,\"config\":{\"desktop\":{\"colCount\":4,\"colGutter\":1,\"rowGutter\":1},\"tablet\":{\"colCount\":2,\"colGutter\":1,\"rowGutter\":1},\"phone\":{\"colCount\":1,\"colGutter\":1,\"rowGutter\":1},\"layoutType\":\"masonry\",\"elements\":[{\"type\":\"postThumbnail\",\"title\":\"Profesjonalna wizyt\\u00f3wka biznesowa\",\"postid\":5519,\"descr\":\"\",\"link\":\"\\\/wizytowki\\\/\",\"attid\":5675,\"ar\":0.757201646090535,\"cont\":\"\\\/wp-content\\\/uploads\\\/2022\\\/08\\\/okladka_YOS_wizytowki.png\",\"sizes\":{\"_265\":\"\\\/wp-content\\\/uploads\\\/2022\\\/08\\\/okladka_YOS_wizytowki-265x201.png\",\"_512\":\"\\\/wp-content\\\/uploads\\\/2022\\\/08\\\/okladka_YOS_wizytowki.png\",\"_768\":\"\\\/wp-content\\\/uploads\\\/2022\\\/08\\\/okladka_YOS_wizytowki.png\",\"_1024\":\"\\\/wp-content\\\/uploads\\\/2022\\\/08\\\/okladka_YOS_wizytowki.png\",\"_1280\":\"\\\/wp-content\\\/uploads\\\/2022\\\/08\\\/okladka_YOS_wizytowki.png\",\"_1920\":\"\\\/wp-content\\\/uploads\\\/2022\\\/08\\\/okladka_YOS_wizytowki.png\",\"_2560\":\"\\\/wp-content\\\/uploads\\\/2022\\\/08\\\/okladka_YOS_wizytowki.png\",\"_3200\":\"\\\/wp-content\\\/uploads\\\/2022\\\/08\\\/okladka_YOS_wizytowki.png\",\"_3840\":\"\\\/wp-content\\\/uploads\\\/2022\\\/08\\\/okladka_YOS_wizytowki.png\",\"_4096\":\"\\\/wp-content\\\/uploads\\\/2022\\\/08\\\/okladka_YOS_wizytowki.png\",\"full\":\"\\\/wp-content\\\/uploads\\\/2022\\\/08\\\/okladka_YOS_wizytowki.png\"},\"mo_sizes\":{\"_265\":\"\\\/wp-content\\\/uploads\\\/2022\\\/08\\\/okladka-wizytowki-projekty-poznan-265x200.jpg\",\"_512\":\"\\\/wp-content\\\/uploads\\\/2022\\\/08\\\/okladka-wizytowki-projekty-poznan.jpg\",\"_768\":\"\\\/wp-content\\\/uploads\\\/2022\\\/08\\\/okladka-wizytowki-projekty-poznan.jpg\",\"_1024\":\"\\\/wp-content\\\/uploads\\\/2022\\\/08\\\/okladka-wizytowki-projekty-poznan.jpg\",\"_1280\":\"\\\/wp-content\\\/uploads\\\/2022\\\/08\\\/okladka-wizytowki-projekty-poznan.jpg\",\"_1920\":\"\\\/wp-content\\\/uploads\\\/2022\\\/08\\\/okladka-wizytowki-projekty-poznan.jpg\",\"_2560\":\"\\\/wp-content\\\/uploads\\\/2022\\\/08\\\/okladka-wizytowki-projekty-poznan.jpg\",\"_3200\":\"\\\/wp-content\\\/uploads\\\/2022\\\/08\\\/okladka-wizytowki-projekty-poznan.jpg\",\"_3840\":\"\\\/wp-content\\\/uploads\\\/2022\\\/08\\\/okladka-wizytowki-projekty-poznan.jpg\",\"_4096\":\"\\\/wp-content\\\/uploads\\\/2022\\\/08\\\/okladka-wizytowki-projekty-poznan.jpg\",\"full\":\"\\\/wp-content\\\/uploads\\\/2022\\\/08\\\/okladka-wizytowki-projekty-poznan.jpg\"},\"mo_h\":367,\"mo_w\":486,\"video_url\":\"\",\"video_w\":0,\"video_h\":0,\"tags\":[],\"w\":486,\"h\":368,\"mo_attid\":\"5742\"},{\"type\":\"postThumbnail\",\"title\":\"Advertising illustrations\",\"postid\":3493,\"descr\":\"\",\"link\":\"\\\/ilustracje\\\/\",\"attid\":5021,\"ar\":0.757700205338809,\"cont\":\"\\\/wp-content\\\/uploads\\\/2022\\\/03\\\/ilustracja-reklamowa-poznan-okladka.png\",\"sizes\":{\"_265\":\"\\\/wp-content\\\/uploads\\\/2022\\\/03\\\/ilustracja-reklamowa-poznan-okladka-265x201.png\",\"_512\":\"\\\/wp-content\\\/uploads\\\/2022\\\/03\\\/ilustracja-reklamowa-poznan-okladka.png\",\"_768\":\"\\\/wp-content\\\/uploads\\\/2022\\\/03\\\/ilustracja-reklamowa-poznan-okladka.png\",\"_1024\":\"\\\/wp-content\\\/uploads\\\/2022\\\/03\\\/ilustracja-reklamowa-poznan-okladka.png\",\"_1280\":\"\\\/wp-content\\\/uploads\\\/2022\\\/03\\\/ilustracja-reklamowa-poznan-okladka.png\",\"_1920\":\"\\\/wp-content\\\/uploads\\\/2022\\\/03\\\/ilustracja-reklamowa-poznan-okladka.png\",\"_2560\":\"\\\/wp-content\\\/uploads\\\/2022\\\/03\\\/ilustracja-reklamowa-poznan-okladka.png\",\"_3200\":\"\\\/wp-content\\\/uploads\\\/2022\\\/03\\\/ilustracja-reklamowa-poznan-okladka.png\",\"_3840\":\"\\\/wp-content\\\/uploads\\\/2022\\\/03\\\/ilustracja-reklamowa-poznan-okladka.png\",\"_4096\":\"\\\/wp-content\\\/uploads\\\/2022\\\/03\\\/ilustracja-reklamowa-poznan-okladka.png\",\"full\":\"\\\/wp-content\\\/uploads\\\/2022\\\/03\\\/ilustracja-reklamowa-poznan-okladka.png\"},\"mo_sizes\":{\"_265\":\"\\\/wp-content\\\/uploads\\\/2022\\\/03\\\/ilustracje-reklamowe-poznan-okladka-265x201.png\",\"_512\":\"\\\/wp-content\\\/uploads\\\/2022\\\/03\\\/ilustracje-reklamowe-poznan-okladka.png\",\"_768\":\"\\\/wp-content\\\/uploads\\\/2022\\\/03\\\/ilustracje-reklamowe-poznan-okladka.png\",\"_1024\":\"\\\/wp-content\\\/uploads\\\/2022\\\/03\\\/ilustracje-reklamowe-poznan-okladka.png\",\"_1280\":\"\\\/wp-content\\\/uploads\\\/2022\\\/03\\\/ilustracje-reklamowe-poznan-okladka.png\",\"_1920\":\"\\\/wp-content\\\/uploads\\\/2022\\\/03\\\/ilustracje-reklamowe-poznan-okladka.png\",\"_2560\":\"\\\/wp-content\\\/uploads\\\/2022\\\/03\\\/ilustracje-reklamowe-poznan-okladka.png\",\"_3200\":\"\\\/wp-content\\\/uploads\\\/2022\\\/03\\\/ilustracje-reklamowe-poznan-okladka.png\",\"_3840\":\"\\\/wp-content\\\/uploads\\\/2022\\\/03\\\/ilustracje-reklamowe-poznan-okladka.png\",\"_4096\":\"\\\/wp-content\\\/uploads\\\/2022\\\/03\\\/ilustracje-reklamowe-poznan-okladka.png\",\"full\":\"\\\/wp-content\\\/uploads\\\/2022\\\/03\\\/ilustracje-reklamowe-poznan-okladka.png\"},\"mo_h\":369,\"mo_w\":486,\"video_url\":\"\",\"video_w\":0,\"video_h\":0,\"tags\":[],\"w\":487,\"h\":369,\"mo_attid\":\"5023\"},{\"type\":\"postThumbnail\",\"title\":\"Infographics\",\"postid\":3561,\"descr\":\"\",\"link\":\"\\\/infografiki\\\/\",\"attid\":5032,\"ar\":0.7592592592592593,\"cont\":\"\\\/wp-content\\\/uploads\\\/2022\\\/03\\\/projekt-infografik-poznan-oferta-okladka.png\",\"sizes\":{\"_265\":\"\\\/wp-content\\\/uploads\\\/2022\\\/03\\\/projekt-infografik-poznan-oferta-okladka-265x201.png\",\"_512\":\"\\\/wp-content\\\/uploads\\\/2022\\\/03\\\/projekt-infografik-poznan-oferta-okladka.png\",\"_768\":\"\\\/wp-content\\\/uploads\\\/2022\\\/03\\\/projekt-infografik-poznan-oferta-okladka.png\",\"_1024\":\"\\\/wp-content\\\/uploads\\\/2022\\\/03\\\/projekt-infografik-poznan-oferta-okladka.png\",\"_1280\":\"\\\/wp-content\\\/uploads\\\/2022\\\/03\\\/projekt-infografik-poznan-oferta-okladka.png\",\"_1920\":\"\\\/wp-content\\\/uploads\\\/2022\\\/03\\\/projekt-infografik-poznan-oferta-okladka.png\",\"_2560\":\"\\\/wp-content\\\/uploads\\\/2022\\\/03\\\/projekt-infografik-poznan-oferta-okladka.png\",\"_3200\":\"\\\/wp-content\\\/uploads\\\/2022\\\/03\\\/projekt-infografik-poznan-oferta-okladka.png\",\"_3840\":\"\\\/wp-content\\\/uploads\\\/2022\\\/03\\\/projekt-infografik-poznan-oferta-okladka.png\",\"_4096\":\"\\\/wp-content\\\/uploads\\\/2022\\\/03\\\/projekt-infografik-poznan-oferta-okladka.png\",\"full\":\"\\\/wp-content\\\/uploads\\\/2022\\\/03\\\/projekt-infografik-poznan-oferta-okladka.png\"},\"mo_sizes\":{\"_265\":\"\\\/wp-content\\\/uploads\\\/2022\\\/03\\\/infografiki-poznan-oferta-okladka-265x201.png\",\"_512\":\"\\\/wp-content\\\/uploads\\\/2022\\\/03\\\/infografiki-poznan-oferta-okladka.png\",\"_768\":\"\\\/wp-content\\\/uploads\\\/2022\\\/03\\\/infografiki-poznan-oferta-okladka.png\",\"_1024\":\"\\\/wp-content\\\/uploads\\\/2022\\\/03\\\/infografiki-poznan-oferta-okladka.png\",\"_1280\":\"\\\/wp-content\\\/uploads\\\/2022\\\/03\\\/infografiki-poznan-oferta-okladka.png\",\"_1920\":\"\\\/wp-content\\\/uploads\\\/2022\\\/03\\\/infografiki-poznan-oferta-okladka.png\",\"_2560\":\"\\\/wp-content\\\/uploads\\\/2022\\\/03\\\/infografiki-poznan-oferta-okladka.png\",\"_3200\":\"\\\/wp-content\\\/uploads\\\/2022\\\/03\\\/infografiki-poznan-oferta-okladka.png\",\"_3840\":\"\\\/wp-content\\\/uploads\\\/2022\\\/03\\\/infografiki-poznan-oferta-okladka.png\",\"_4096\":\"\\\/wp-content\\\/uploads\\\/2022\\\/03\\\/infografiki-poznan-oferta-okladka.png\",\"full\":\"\\\/wp-content\\\/uploads\\\/2022\\\/03\\\/infografiki-poznan-oferta-okladka.png\"},\"mo_h\":369,\"mo_w\":486,\"video_url\":\"\",\"video_w\":0,\"video_h\":0,\"tags\":[],\"w\":486,\"h\":369,\"mo_attid\":\"5025\"},{\"type\":\"postThumbnail\",\"title\":\"Cultural offering\",\"postid\":1877,\"descr\":\"\",\"link\":\"\\\/dlakultury\\\/\",\"attid\":5003,\"ar\":0.7587628865979381,\"cont\":\"\\\/wp-content\\\/uploads\\\/2022\\\/03\\\/oferta-dla-instytucji-poznan-kultury-okladka.jpg\",\"sizes\":{\"_265\":\"\\\/wp-content\\\/uploads\\\/2022\\\/03\\\/oferta-dla-instytucji-poznan-kultury-okladka-265x201.jpg\",\"_512\":\"\\\/wp-content\\\/uploads\\\/2022\\\/03\\\/oferta-dla-instytucji-poznan-kultury-okladka.jpg\",\"_768\":\"\\\/wp-content\\\/uploads\\\/2022\\\/03\\\/oferta-dla-instytucji-poznan-kultury-okladka.jpg\",\"_1024\":\"\\\/wp-content\\\/uploads\\\/2022\\\/03\\\/oferta-dla-instytucji-poznan-kultury-okladka.jpg\",\"_1280\":\"\\\/wp-content\\\/uploads\\\/2022\\\/03\\\/oferta-dla-instytucji-poznan-kultury-okladka.jpg\",\"_1920\":\"\\\/wp-content\\\/uploads\\\/2022\\\/03\\\/oferta-dla-instytucji-poznan-kultury-okladka.jpg\",\"_2560\":\"\\\/wp-content\\\/uploads\\\/2022\\\/03\\\/oferta-dla-instytucji-poznan-kultury-okladka.jpg\",\"_3200\":\"\\\/wp-content\\\/uploads\\\/2022\\\/03\\\/oferta-dla-instytucji-poznan-kultury-okladka.jpg\",\"_3840\":\"\\\/wp-content\\\/uploads\\\/2022\\\/03\\\/oferta-dla-instytucji-poznan-kultury-okladka.jpg\",\"_4096\":\"\\\/wp-content\\\/uploads\\\/2022\\\/03\\\/oferta-dla-instytucji-poznan-kultury-okladka.jpg\",\"full\":\"\\\/wp-content\\\/uploads\\\/2022\\\/03\\\/oferta-dla-instytucji-poznan-kultury-okladka.jpg\"},\"mo_sizes\":{\"_265\":\"\\\/wp-content\\\/uploads\\\/2022\\\/03\\\/uslugi-dla-kultury-poznan-okladka-2-265x212.jpg\",\"_512\":\"\\\/wp-content\\\/uploads\\\/2022\\\/03\\\/uslugi-dla-kultury-poznan-okladka-2.jpg\",\"_768\":\"\\\/wp-content\\\/uploads\\\/2022\\\/03\\\/uslugi-dla-kultury-poznan-okladka-2.jpg\",\"_1024\":\"\\\/wp-content\\\/uploads\\\/2022\\\/03\\\/uslugi-dla-kultury-poznan-okladka-2.jpg\",\"_1280\":\"\\\/wp-content\\\/uploads\\\/2022\\\/03\\\/uslugi-dla-kultury-poznan-okladka-2.jpg\",\"_1920\":\"\\\/wp-content\\\/uploads\\\/2022\\\/03\\\/uslugi-dla-kultury-poznan-okladka-2.jpg\",\"_2560\":\"\\\/wp-content\\\/uploads\\\/2022\\\/03\\\/uslugi-dla-kultury-poznan-okladka-2.jpg\",\"_3200\":\"\\\/wp-content\\\/uploads\\\/2022\\\/03\\\/uslugi-dla-kultury-poznan-okladka-2.jpg\",\"_3840\":\"\\\/wp-content\\\/uploads\\\/2022\\\/03\\\/uslugi-dla-kultury-poznan-okladka-2.jpg\",\"_4096\":\"\\\/wp-content\\\/uploads\\\/2022\\\/03\\\/uslugi-dla-kultury-poznan-okladka-2.jpg\",\"full\":\"\\\/wp-content\\\/uploads\\\/2022\\\/03\\\/uslugi-dla-kultury-poznan-okladka-2.jpg\"},\"mo_h\":400,\"mo_w\":499,\"video_url\":\"\",\"video_w\":0,\"video_h\":0,\"tags\":[],\"w\":485,\"h\":368,\"mo_attid\":\"5012\"}],\"addtostart\":false,\"gutterMu\":\"%\"},\"frameOverflow\":\"\",\"absolute_position\":false},{\"type\":\"elementgrid\",\"cont\":\"\",\"align\":\"top\",\"row\":15,\"col\":2,\"colspan\":18,\"offsetx\":0,\"offsety\":0,\"spaceabove\":0,\"spacebelow\":0,\"yvel\":1,\"push\":2,\"relid\":27,\"config\":{\"desktop\":{\"colCount\":4,\"colGutter\":1,\"rowGutter\":1},\"tablet\":{\"colCount\":2,\"colGutter\":1,\"rowGutter\":1},\"phone\":{\"colCount\":1,\"colGutter\":1,\"rowGutter\":1},\"layoutType\":\"masonry\",\"elements\":[{\"type\":\"postThumbnail\",\"title\":\"Mi\\u0142o\\u015b\\u0107\",\"postid\":1616,\"descr\":\"\",\"link\":\"\\\/milosc\\\/\",\"attid\":5034,\"ar\":0.749498997995992,\"cont\":\"\\\/wp-content\\\/uploads\\\/2022\\\/03\\\/projekt-logo-poznan-milosc-restaurcja-identyfikacja-wizualna-okladka.png\",\"sizes\":{\"_265\":\"\\\/wp-content\\\/uploads\\\/2022\\\/03\\\/projekt-logo-poznan-milosc-restaurcja-identyfikacja-wizualna-okladka-265x199.png\",\"_512\":\"\\\/wp-content\\\/uploads\\\/2022\\\/03\\\/projekt-logo-poznan-milosc-restaurcja-identyfikacja-wizualna-okladka.png\",\"_768\":\"\\\/wp-content\\\/uploads\\\/2022\\\/03\\\/projekt-logo-poznan-milosc-restaurcja-identyfikacja-wizualna-okladka.png\",\"_1024\":\"\\\/wp-content\\\/uploads\\\/2022\\\/03\\\/projekt-logo-poznan-milosc-restaurcja-identyfikacja-wizualna-okladka.png\",\"_1280\":\"\\\/wp-content\\\/uploads\\\/2022\\\/03\\\/projekt-logo-poznan-milosc-restaurcja-identyfikacja-wizualna-okladka.png\",\"_1920\":\"\\\/wp-content\\\/uploads\\\/2022\\\/03\\\/projekt-logo-poznan-milosc-restaurcja-identyfikacja-wizualna-okladka.png\",\"_2560\":\"\\\/wp-content\\\/uploads\\\/2022\\\/03\\\/projekt-logo-poznan-milosc-restaurcja-identyfikacja-wizualna-okladka.png\",\"_3200\":\"\\\/wp-content\\\/uploads\\\/2022\\\/03\\\/projekt-logo-poznan-milosc-restaurcja-identyfikacja-wizualna-okladka.png\",\"_3840\":\"\\\/wp-content\\\/uploads\\\/2022\\\/03\\\/projekt-logo-poznan-milosc-restaurcja-identyfikacja-wizualna-okladka.png\",\"_4096\":\"\\\/wp-content\\\/uploads\\\/2022\\\/03\\\/projekt-logo-poznan-milosc-restaurcja-identyfikacja-wizualna-okladka.png\",\"full\":\"\\\/wp-content\\\/uploads\\\/2022\\\/03\\\/projekt-logo-poznan-milosc-restaurcja-identyfikacja-wizualna-okladka.png\"},\"mo_sizes\":{\"_265\":\"\\\/wp-content\\\/uploads\\\/2022\\\/03\\\/projekt-witryny-poznan-milosc-restaurcja-identyfikacja-wizualna-okladka-2-265x199.jpg\",\"_512\":\"\\\/wp-content\\\/uploads\\\/2022\\\/03\\\/projekt-witryny-poznan-milosc-restaurcja-identyfikacja-wizualna-okladka-2.jpg\",\"_768\":\"\\\/wp-content\\\/uploads\\\/2022\\\/03\\\/projekt-witryny-poznan-milosc-restaurcja-identyfikacja-wizualna-okladka-2.jpg\",\"_1024\":\"\\\/wp-content\\\/uploads\\\/2022\\\/03\\\/projekt-witryny-poznan-milosc-restaurcja-identyfikacja-wizualna-okladka-2.jpg\",\"_1280\":\"\\\/wp-content\\\/uploads\\\/2022\\\/03\\\/projekt-witryny-poznan-milosc-restaurcja-identyfikacja-wizualna-okladka-2.jpg\",\"_1920\":\"\\\/wp-content\\\/uploads\\\/2022\\\/03\\\/projekt-witryny-poznan-milosc-restaurcja-identyfikacja-wizualna-okladka-2.jpg\",\"_2560\":\"\\\/wp-content\\\/uploads\\\/2022\\\/03\\\/projekt-witryny-poznan-milosc-restaurcja-identyfikacja-wizualna-okladka-2.jpg\",\"_3200\":\"\\\/wp-content\\\/uploads\\\/2022\\\/03\\\/projekt-witryny-poznan-milosc-restaurcja-identyfikacja-wizualna-okladka-2.jpg\",\"_3840\":\"\\\/wp-content\\\/uploads\\\/2022\\\/03\\\/projekt-witryny-poznan-milosc-restaurcja-identyfikacja-wizualna-okladka-2.jpg\",\"_4096\":\"\\\/wp-content\\\/uploads\\\/2022\\\/03\\\/projekt-witryny-poznan-milosc-restaurcja-identyfikacja-wizualna-okladka-2.jpg\",\"full\":\"\\\/wp-content\\\/uploads\\\/2022\\\/03\\\/projekt-witryny-poznan-milosc-restaurcja-identyfikacja-wizualna-okladka-2.jpg\"},\"mo_h\":374,\"mo_w\":499,\"video_url\":\"\",\"video_w\":0,\"video_h\":0,\"tags\":[],\"mo_attid\":\"5009\",\"w\":499,\"h\":374},{\"type\":\"postThumbnail\",\"title\":\"NOVA Dentistry\",\"postid\":1291,\"descr\":\"\",\"link\":\"\\\/nova\\\/\",\"attid\":1874,\"ar\":0.7502312673450509,\"cont\":\"\\\/wp-content\\\/uploads\\\/2020\\\/03\\\/nova-na-www-okladka-38.png\",\"sizes\":{\"_265\":\"\\\/wp-content\\\/uploads\\\/2020\\\/03\\\/nova-na-www-okladka-38-265x199.png\",\"_512\":\"\\\/wp-content\\\/uploads\\\/2020\\\/03\\\/nova-na-www-okladka-38-512x384.png\",\"_768\":\"\\\/wp-content\\\/uploads\\\/2020\\\/03\\\/nova-na-www-okladka-38-768x576.png\",\"_1024\":\"\\\/wp-content\\\/uploads\\\/2020\\\/03\\\/nova-na-www-okladka-38-1024x768.png\",\"_1280\":\"\\\/wp-content\\\/uploads\\\/2020\\\/03\\\/nova-na-www-okladka-38.png\",\"_1920\":\"\\\/wp-content\\\/uploads\\\/2020\\\/03\\\/nova-na-www-okladka-38.png\",\"_2560\":\"\\\/wp-content\\\/uploads\\\/2020\\\/03\\\/nova-na-www-okladka-38.png\",\"_3200\":\"\\\/wp-content\\\/uploads\\\/2020\\\/03\\\/nova-na-www-okladka-38.png\",\"_3840\":\"\\\/wp-content\\\/uploads\\\/2020\\\/03\\\/nova-na-www-okladka-38.png\",\"_4096\":\"\\\/wp-content\\\/uploads\\\/2020\\\/03\\\/nova-na-www-okladka-38.png\",\"full\":\"\\\/wp-content\\\/uploads\\\/2020\\\/03\\\/nova-na-www-okladka-38.png\"},\"mo_sizes\":{\"_265\":\"\\\/wp-content\\\/uploads\\\/2020\\\/03\\\/nova_elegancka_wizytowka3-265x199.jpg\",\"_512\":\"\\\/wp-content\\\/uploads\\\/2020\\\/03\\\/nova_elegancka_wizytowka3-512x384.jpg\",\"_768\":\"\\\/wp-content\\\/uploads\\\/2020\\\/03\\\/nova_elegancka_wizytowka3-768x576.jpg\",\"_1024\":\"\\\/wp-content\\\/uploads\\\/2020\\\/03\\\/nova_elegancka_wizytowka3.jpg\",\"_1280\":\"\\\/wp-content\\\/uploads\\\/2020\\\/03\\\/nova_elegancka_wizytowka3.jpg\",\"_1920\":\"\\\/wp-content\\\/uploads\\\/2020\\\/03\\\/nova_elegancka_wizytowka3.jpg\",\"_2560\":\"\\\/wp-content\\\/uploads\\\/2020\\\/03\\\/nova_elegancka_wizytowka3.jpg\",\"_3200\":\"\\\/wp-content\\\/uploads\\\/2020\\\/03\\\/nova_elegancka_wizytowka3.jpg\",\"_3840\":\"\\\/wp-content\\\/uploads\\\/2020\\\/03\\\/nova_elegancka_wizytowka3.jpg\",\"_4096\":\"\\\/wp-content\\\/uploads\\\/2020\\\/03\\\/nova_elegancka_wizytowka3.jpg\",\"full\":\"\\\/wp-content\\\/uploads\\\/2020\\\/03\\\/nova_elegancka_wizytowka3.jpg\"},\"mo_h\":600,\"mo_w\":800,\"video_url\":\"\",\"video_w\":0,\"video_h\":0,\"tags\":[],\"mo_attid\":\"3254\",\"w\":1081,\"h\":811},{\"type\":\"postThumbnail\",\"title\":\"Numu - branding - maternity wear\",\"postid\":1715,\"descr\":\"\",\"link\":\"\\\/numu\\\/\",\"attid\":4992,\"ar\":0.7592592592592593,\"cont\":\"\\\/wp-content\\\/uploads\\\/2022\\\/03\\\/identyfikacja-wizualna-marki-odziezowej-poznan-numu-okladka.gif\",\"sizes\":{\"_265\":\"\\\/wp-content\\\/uploads\\\/2022\\\/03\\\/identyfikacja-wizualna-marki-odziezowej-poznan-numu-okladka-265x201.gif\",\"_512\":\"\\\/wp-content\\\/uploads\\\/2022\\\/03\\\/identyfikacja-wizualna-marki-odziezowej-poznan-numu-okladka-512x389.gif\",\"_768\":\"\\\/wp-content\\\/uploads\\\/2022\\\/03\\\/identyfikacja-wizualna-marki-odziezowej-poznan-numu-okladka-768x583.gif\",\"_1024\":\"\\\/wp-content\\\/uploads\\\/2022\\\/03\\\/identyfikacja-wizualna-marki-odziezowej-poznan-numu-okladka-1024x777.gif\",\"_1280\":\"\\\/wp-content\\\/uploads\\\/2022\\\/03\\\/identyfikacja-wizualna-marki-odziezowej-poznan-numu-okladka.gif\",\"_1920\":\"\\\/wp-content\\\/uploads\\\/2022\\\/03\\\/identyfikacja-wizualna-marki-odziezowej-poznan-numu-okladka.gif\",\"_2560\":\"\\\/wp-content\\\/uploads\\\/2022\\\/03\\\/identyfikacja-wizualna-marki-odziezowej-poznan-numu-okladka.gif\",\"_3200\":\"\\\/wp-content\\\/uploads\\\/2022\\\/03\\\/identyfikacja-wizualna-marki-odziezowej-poznan-numu-okladka.gif\",\"_3840\":\"\\\/wp-content\\\/uploads\\\/2022\\\/03\\\/identyfikacja-wizualna-marki-odziezowej-poznan-numu-okladka.gif\",\"_4096\":\"\\\/wp-content\\\/uploads\\\/2022\\\/03\\\/identyfikacja-wizualna-marki-odziezowej-poznan-numu-okladka.gif\",\"full\":\"\\\/wp-content\\\/uploads\\\/2022\\\/03\\\/identyfikacja-wizualna-marki-odziezowej-poznan-numu-okladka.gif\"},\"mo_sizes\":{\"_265\":\"\\\/wp-content\\\/uploads\\\/2022\\\/03\\\/identyfikacja-wizualna-marki-odziezowej-poznan-numu-okladka-2-265x201.gif\",\"_512\":\"\\\/wp-content\\\/uploads\\\/2022\\\/03\\\/identyfikacja-wizualna-marki-odziezowej-poznan-numu-okladka-2-512x389.gif\",\"_768\":\"\\\/wp-content\\\/uploads\\\/2022\\\/03\\\/identyfikacja-wizualna-marki-odziezowej-poznan-numu-okladka-2.gif\",\"_1024\":\"\\\/wp-content\\\/uploads\\\/2022\\\/03\\\/identyfikacja-wizualna-marki-odziezowej-poznan-numu-okladka-2.gif\",\"_1280\":\"\\\/wp-content\\\/uploads\\\/2022\\\/03\\\/identyfikacja-wizualna-marki-odziezowej-poznan-numu-okladka-2.gif\",\"_1920\":\"\\\/wp-content\\\/uploads\\\/2022\\\/03\\\/identyfikacja-wizualna-marki-odziezowej-poznan-numu-okladka-2.gif\",\"_2560\":\"\\\/wp-content\\\/uploads\\\/2022\\\/03\\\/identyfikacja-wizualna-marki-odziezowej-poznan-numu-okladka-2.gif\",\"_3200\":\"\\\/wp-content\\\/uploads\\\/2022\\\/03\\\/identyfikacja-wizualna-marki-odziezowej-poznan-numu-okladka-2.gif\",\"_3840\":\"\\\/wp-content\\\/uploads\\\/2022\\\/03\\\/identyfikacja-wizualna-marki-odziezowej-poznan-numu-okladka-2.gif\",\"_4096\":\"\\\/wp-content\\\/uploads\\\/2022\\\/03\\\/identyfikacja-wizualna-marki-odziezowej-poznan-numu-okladka-2.gif\",\"full\":\"\\\/wp-content\\\/uploads\\\/2022\\\/03\\\/identyfikacja-wizualna-marki-odziezowej-poznan-numu-okladka-2.gif\"},\"mo_h\":410,\"mo_w\":540,\"video_url\":\"\",\"video_w\":0,\"video_h\":0,\"tags\":[],\"mo_attid\":\"4993\"},{\"type\":\"postThumbnail\",\"title\":\"Fyrtel Garbary - visual identity\",\"postid\":3369,\"descr\":\"\",\"link\":\"\\\/fyrtel\\\/\",\"attid\":5017,\"ar\":0.749498997995992,\"cont\":\"\\\/wp-content\\\/uploads\\\/2022\\\/03\\\/identyfikacja-wizualna-poznan-fyrtel-garbary-okladka.png\",\"sizes\":{\"_265\":\"\\\/wp-content\\\/uploads\\\/2022\\\/03\\\/identyfikacja-wizualna-poznan-fyrtel-garbary-okladka-265x199.png\",\"_512\":\"\\\/wp-content\\\/uploads\\\/2022\\\/03\\\/identyfikacja-wizualna-poznan-fyrtel-garbary-okladka.png\",\"_768\":\"\\\/wp-content\\\/uploads\\\/2022\\\/03\\\/identyfikacja-wizualna-poznan-fyrtel-garbary-okladka.png\",\"_1024\":\"\\\/wp-content\\\/uploads\\\/2022\\\/03\\\/identyfikacja-wizualna-poznan-fyrtel-garbary-okladka.png\",\"_1280\":\"\\\/wp-content\\\/uploads\\\/2022\\\/03\\\/identyfikacja-wizualna-poznan-fyrtel-garbary-okladka.png\",\"_1920\":\"\\\/wp-content\\\/uploads\\\/2022\\\/03\\\/identyfikacja-wizualna-poznan-fyrtel-garbary-okladka.png\",\"_2560\":\"\\\/wp-content\\\/uploads\\\/2022\\\/03\\\/identyfikacja-wizualna-poznan-fyrtel-garbary-okladka.png\",\"_3200\":\"\\\/wp-content\\\/uploads\\\/2022\\\/03\\\/identyfikacja-wizualna-poznan-fyrtel-garbary-okladka.png\",\"_3840\":\"\\\/wp-content\\\/uploads\\\/2022\\\/03\\\/identyfikacja-wizualna-poznan-fyrtel-garbary-okladka.png\",\"_4096\":\"\\\/wp-content\\\/uploads\\\/2022\\\/03\\\/identyfikacja-wizualna-poznan-fyrtel-garbary-okladka.png\",\"full\":\"\\\/wp-content\\\/uploads\\\/2022\\\/03\\\/identyfikacja-wizualna-poznan-fyrtel-garbary-okladka.png\"},\"mo_sizes\":{\"_265\":\"\\\/wp-content\\\/uploads\\\/2022\\\/03\\\/identyfikacja-wizualna-poznan-fyrtel-garbary-okladka-2-265x198.gif\",\"_512\":\"\\\/wp-content\\\/uploads\\\/2022\\\/03\\\/identyfikacja-wizualna-poznan-fyrtel-garbary-okladka-2.gif\",\"_768\":\"\\\/wp-content\\\/uploads\\\/2022\\\/03\\\/identyfikacja-wizualna-poznan-fyrtel-garbary-okladka-2.gif\",\"_1024\":\"\\\/wp-content\\\/uploads\\\/2022\\\/03\\\/identyfikacja-wizualna-poznan-fyrtel-garbary-okladka-2.gif\",\"_1280\":\"\\\/wp-content\\\/uploads\\\/2022\\\/03\\\/identyfikacja-wizualna-poznan-fyrtel-garbary-okladka-2.gif\",\"_1920\":\"\\\/wp-content\\\/uploads\\\/2022\\\/03\\\/identyfikacja-wizualna-poznan-fyrtel-garbary-okladka-2.gif\",\"_2560\":\"\\\/wp-content\\\/uploads\\\/2022\\\/03\\\/identyfikacja-wizualna-poznan-fyrtel-garbary-okladka-2.gif\",\"_3200\":\"\\\/wp-content\\\/uploads\\\/2022\\\/03\\\/identyfikacja-wizualna-poznan-fyrtel-garbary-okladka-2.gif\",\"_3840\":\"\\\/wp-content\\\/uploads\\\/2022\\\/03\\\/identyfikacja-wizualna-poznan-fyrtel-garbary-okladka-2.gif\",\"_4096\":\"\\\/wp-content\\\/uploads\\\/2022\\\/03\\\/identyfikacja-wizualna-poznan-fyrtel-garbary-okladka-2.gif\",\"full\":\"\\\/wp-content\\\/uploads\\\/2022\\\/03\\\/identyfikacja-wizualna-poznan-fyrtel-garbary-okladka-2.gif\"},\"mo_h\":360,\"mo_w\":481,\"video_url\":\"\",\"video_w\":0,\"video_h\":0,\"tags\":[],\"mo_attid\":\"4995\",\"w\":499,\"h\":374}],\"addtostart\":false,\"gutterMu\":\"%\"},\"frameOverflow\":\"\",\"absolute_position\":false}]}","phonegrid":"{\r\n  \"colCount\": 12,\r\n  \"colGutter\": 1,\r\n  \"rowGutters\": [\r\n    \"20\",\r\n    \"10\",\r\n    \"10\",\r\n    \"5\",\r\n    \"20\",\r\n    \"5\",\r\n    \"20\",\r\n    \"5\",\r\n    \"20\",\r\n    \"5\",\r\n    \"20\",\r\n    \"5\",\r\n    \"20\",\r\n    \"5\",\r\n    \"20\",\r\n    \"5\",\r\n    \"20\",\r\n    \"5\",\r\n    \"\",\r\n    \"\",\r\n    \"10\",\r\n    \"10\",\r\n    \"10\",\r\n    \"10\",\r\n    \"10\",\r\n    \"10\",\r\n    \"10\",\r\n    \"10\",\r\n    \"10\",\r\n    \"10\",\r\n    \"10\",\r\n    \"10\"\r\n  ],\r\n  \"frameMargin\": 0,\r\n  \"leftFrameMargin\": 0,\r\n  \"rightFrameMargin\": 0,\r\n  \"topFrameMargin\": \"\",\r\n  \"bottomFrameMargin\": 8,\r\n  \"rowAttrs\": [\r\n    {\r\n      \"row100vh\": true,\r\n      \"bgcolor\": \"#fcfaf6\",\r\n      \"relid\": 49\r\n    },\r\n    {\r\n      \"relid\": 21\r\n    },\r\n    {\r\n      \"relid\": 77\r\n    },\r\n    {\r\n      \"relid\": 61\r\n    },\r\n    {\r\n      \"relid\": 63\r\n    },\r\n    {\r\n      \"relid\": 62\r\n    },\r\n    {\r\n      \"relid\": 64\r\n    },\r\n    {\r\n      \"relid\": 66\r\n    },\r\n    {\r\n      \"relid\": 65\r\n    },\r\n    {\r\n      \"relid\": 68\r\n    },\r\n    {\r\n      \"relid\": 70\r\n    },\r\n    {\r\n      \"relid\": 69\r\n    },\r\n    {\r\n      \"relid\": 67\r\n    },\r\n    {\r\n      \"relid\": 71\r\n    },\r\n    {\r\n      \"relid\": 72\r\n    },\r\n    {\r\n      \"relid\": 74\r\n    },\r\n    {\r\n      \"relid\": 73\r\n    },\r\n    {\r\n      \"relid\": 75\r\n    },\r\n    [],\r\n    {\r\n      \"relid\": 58,\r\n      \"bgcolor\": \"#f191a3\"\r\n    },\r\n    [],\r\n    [],\r\n    [],\r\n    [],\r\n    [],\r\n    [],\r\n    [],\r\n    [],\r\n    [],\r\n    [],\r\n    [],\r\n    [],\r\n    []\r\n  ],\r\n  \"bgColor\": null,\r\n  \"cont\": [\r\n    {\r\n      \"type\": \"text\",\r\n      \"cont\": \"<h1 class=\\\"_h1_namu\\\" style=\\\"text-align: center;\\\">EV<span style=\\\"font-family: NAMU-1990;\\\">E<\/span>NT BR<span style=\\\"font-family: NAMU-1960;\\\">A<\/span>NDING<\/h1><p class=\\\"_parahraph_projekty\\\" style=\\\"line-height: 1.4; text-align: center;\\\">\u00a0<\/p><h3 class=\\\"_h3\\\" style=\\\"text-align: center;\\\">We create graphic designs for various event activities: festivals, fairs, exhibitions, workshops, offline and online events. We offer a comprehensive design service including: solid research, strategy development, an open creative process and an efficient implementation phase. We know how to create a distinctive and consistent visual message. Confirmation of the quality of our services can be found in the past realizations we have made for large events and more intimate events.<\/h3>\",\r\n      \"align\": \"middle\",\r\n      \"row\": 0,\r\n      \"col\": 1,\r\n      \"colspan\": 10,\r\n      \"offsetx\": 0,\r\n      \"offsety\": 0,\r\n      \"spaceabove\": 0,\r\n      \"spacebelow\": 0,\r\n      \"yvel\": 1,\r\n      \"push\": 1,\r\n      \"relid\": 4,\r\n      \"frameOverflow\": \"\",\r\n      \"absolute_position\": true\r\n    },\r\n    {\r\n      \"type\": \"text\",\r\n      \"cont\": \"<h3 class=\\\"_h3_namu\\\" style=\\\"text-align: center;\\\">Increase your visibility<\/h3><p class=\\\"_tekstowy\\\" style=\\\"text-align: center;\\\">Are you organizing a festival, a workshop or maybe an exhibition? Whatever the format or type, every event needs a visual. It's what your customer encounters before deciding to buy a ticket or the product itself, and it's what they will associate the event experience with for longer. It is therefore worth investing in a professional design service, just as much as in the organization of the event itself.<\/p><h3 class=\\\"_h3\\\" style=\\\"text-align: center;\\\"><span style=\\\"font-weight: 400;\\\"><br \/><br \/><\/span><\/h3><h3 class=\\\"_h3_namu\\\" style=\\\"text-align: center;\\\">Invest in good design<\/h3><p class=\\\"_tekstowy\\\" style=\\\"text-align: center;\\\"><span style=\\\"font-weight: 400;\\\">For an event's visual identity to serve its purpose, it should accurately communicate the main idea of the event and be consistent with the organizer's identity. It must take into account the preferences of the audience so that the visual message is relevant and navigates them correctly. A good design is one that is based on a flexible system easily adaptable to a variety of accompanying and promotional activities.<br \/><br \/><br \/><br \/><br \/><\/span><\/p><h3 class=\\\"_h3_namu\\\" style=\\\"text-align: center;\\\">A comprehensive service<\/h3><p class=\\\"_tekstowy\\\" style=\\\"text-align: center;\\\"><span style=\\\"font-weight: 400;\\\">We offer a comprehensive service to create the visuals for your event. There are four stages to the design process. Not only do we focus on creativity, but above all your knowledge and time are important to us. That is why we need to know the basic assumptions of the order, the target groups, and expectations in order to plan the project schedule and budget well. We have developed a brief with our design team to get to know your expectations.<br \/><br \/><\/span><\/p><h3 class=\\\"_h3_namu\\\" style=\\\"text-align: center;\\\"><b><br \/>Stay one step ahead of the customer<br \/><br \/><\/b><\/h3><p class=\\\"_tekstowy\\\" style=\\\"text-align: center;\\\"><span style=\\\"font-weight: 400;\\\">Our experience tells us that when planning the promotion of an event, it's worth anticipating as much media as possible. It simply pays off. Let us create your promotional materials and we'll make sure your event doesn't drown in a deluge of competitive advertising and communication chaos. We will ensure that the design adapts to a variety of formats (print, online advertising), but also multiple spaces (outdoor advertising).<br \/><br \/><br \/><br \/><\/span><\/p><h3 class=\\\"_h3_namu\\\" style=\\\"text-align: center;\\\">Our offer:<\/h3><ul style=\\\"text-align: center;\\\"><li class=\\\"_tekstowy\\\" style=\\\"text-align: left;\\\"><span style=\\\"font-family: ApercuPro-Light_0;\\\">event logotype design;<\/span><\/li><li class=\\\"_tekstowy\\\" style=\\\"text-align: left;\\\"><span style=\\\"font-family: ApercuPro-Light_0;\\\">distinctive graphic theme;<\/span><\/li><li class=\\\"_tekstowy\\\" style=\\\"text-align: left;\\\"><span style=\\\"font-family: ApercuPro-Light_0;\\\">original illustrations;<\/span><\/li><li class=\\\"_tekstowy\\\" style=\\\"text-align: left;\\\"><span style=\\\"font-family: ApercuPro-Light_0;\\\">selection of appropriate typography;<\/span><\/li><li class=\\\"_tekstowy\\\" style=\\\"text-align: left;\\\"><span style=\\\"font-family: ApercuPro-Light_0;\\\">attention to color quality standards for print and web;<\/span><\/li><li class=\\\"_tekstowy\\\" style=\\\"text-align: left;\\\"><span style=\\\"font-family: ApercuPro-Light_0;\\\">a set of coherent promotional materials including:<\/span><ul><li class=\\\"_tekstowy\\\">leaflets;<\/li><li class=\\\"_tekstowy\\\">posters<\/li><li class=\\\"_tekstowy\\\">graphics for websites;<\/li><li class=\\\"_tekstowy\\\">templates for socialmedia advertising graphics;<\/li><li class=\\\"_tekstowy\\\">promotional gadgets;<\/li><li class=\\\"_tekstowy\\\">creations for outdoor campaigns.<\/li><\/ul><\/li><\/ul><p style=\\\"text-align: left;\\\">\u00a0<\/p><p style=\\\"text-align: center;\\\">\u00a0<\/p><p class=\\\"_tekstowy\\\" style=\\\"text-align: center;\\\">We provide our clients with a package of graphic materials and rules for their use in a corporate identity book, which will allow for simple and time-saving reproduction of the assumptions.<\/p>\",\r\n      \"align\": \"top\",\r\n      \"row\": 1,\r\n      \"col\": 1,\r\n      \"colspan\": 10,\r\n      \"offsetx\": 0,\r\n      \"offsety\": 0,\r\n      \"spaceabove\": 0,\r\n      \"spacebelow\": 0,\r\n      \"yvel\": 1,\r\n      \"push\": 1,\r\n      \"relid\": 18,\r\n      \"absolute_position\": false,\r\n      \"dosync\": false\r\n    },\r\n    {\r\n      \"type\": \"text\",\r\n      \"cont\": \"<h2 class=\\\"_h2_namu\\\" style=\\\"text-align: center;\\\">We encourage you to view our realizations:<\/h2>\",\r\n      \"align\": \"top\",\r\n      \"row\": 2,\r\n      \"col\": 1,\r\n      \"colspan\": 10,\r\n      \"offsetx\": 0,\r\n      \"offsety\": 0,\r\n      \"spaceabove\": 0,\r\n      \"spacebelow\": 0,\r\n      \"yvel\": 1,\r\n      \"push\": 1,\r\n      \"relid\": 20,\r\n      \"absolute_position\": false\r\n    },\r\n    {\r\n      \"type\": \"carousel\",\r\n      \"cont\": \"\",\r\n      \"align\": \"middle\",\r\n      \"row\": 3,\r\n      \"col\": 0,\r\n      \"colspan\": 12,\r\n      \"offsetx\": 0,\r\n      \"offsety\": 0,\r\n      \"spaceabove\": 0,\r\n      \"spacebelow\": 0,\r\n      \"yvel\": 1,\r\n      \"push\": 0,\r\n      \"relid\": 51,\r\n      \"carousel_options\": {\r\n        \"random\": false,\r\n        \"autoplay\": false,\r\n        \"showMultipleSlides\": false,\r\n        \"freeScroll\": false,\r\n        \"mousewheelScroll\": false,\r\n        \"size\": \"aspectRatioOfFirstElement\",\r\n        \"slidesWidth\": \"null\",\r\n        \"transition\": \"fading\",\r\n        \"loop\": \"1\",\r\n        \"spaceBetween\": 0,\r\n        \"captionsUnderSlides\": false,\r\n        \"autoplaySpeed\": 3000,\r\n        \"autoplayDelay\": 0,\r\n        \"transitionSpeed\": 300\r\n      },\r\n      \"carousel\": [\r\n        {\r\n          \"type\": \"img\",\r\n          \"attid\": 6223,\r\n          \"cont\": \"\/wp-content\/uploads\/2023\/07\/branding-festiwalu-yos-studio-poznan-mtp-jarmark.png\",\r\n          \"sizes\": {\r\n            \"full\": \"\/wp-content\/uploads\/2023\/07\/branding-festiwalu-yos-studio-poznan-mtp-jarmark.png\",\r\n            \"_1024\": \"\/wp-content\/uploads\/2023\/07\/branding-festiwalu-yos-studio-poznan-mtp-jarmark-1024x1024.png\",\r\n            \"_768\": \"\/wp-content\/uploads\/2023\/07\/branding-festiwalu-yos-studio-poznan-mtp-jarmark-768x768.png\",\r\n            \"_512\": \"\/wp-content\/uploads\/2023\/07\/branding-festiwalu-yos-studio-poznan-mtp-jarmark-512x512.png\",\r\n            \"_265\": \"\/wp-content\/uploads\/2023\/07\/branding-festiwalu-yos-studio-poznan-mtp-jarmark-265x265.png\"\r\n          },\r\n          \"w\": 1080,\r\n          \"h\": 1080,\r\n          \"ar\": 1,\r\n          \"alt\": \"\"\r\n        },\r\n        {\r\n          \"type\": \"img\",\r\n          \"attid\": 6225,\r\n          \"cont\": \"\/wp-content\/uploads\/2023\/07\/pattern-do-identyfikacji-yos-studio-poznan-projekt-jarmark.png\",\r\n          \"sizes\": {\r\n            \"full\": \"\/wp-content\/uploads\/2023\/07\/pattern-do-identyfikacji-yos-studio-poznan-projekt-jarmark.png\",\r\n            \"_1024\": \"\/wp-content\/uploads\/2023\/07\/pattern-do-identyfikacji-yos-studio-poznan-projekt-jarmark-1024x1024.png\",\r\n            \"_768\": \"\/wp-content\/uploads\/2023\/07\/pattern-do-identyfikacji-yos-studio-poznan-projekt-jarmark-768x768.png\",\r\n            \"_512\": \"\/wp-content\/uploads\/2023\/07\/pattern-do-identyfikacji-yos-studio-poznan-projekt-jarmark-512x512.png\",\r\n            \"_265\": \"\/wp-content\/uploads\/2023\/07\/pattern-do-identyfikacji-yos-studio-poznan-projekt-jarmark-265x265.png\"\r\n          },\r\n          \"w\": 1080,\r\n          \"h\": 1080,\r\n          \"ar\": 1,\r\n          \"alt\": \"\"\r\n        },\r\n        {\r\n          \"type\": \"img\",\r\n          \"attid\": 6228,\r\n          \"cont\": \"\/wp-content\/uploads\/2023\/07\/typografia-identyfikacja-wizualna-yos-studio-projekt-jarmark.png\",\r\n          \"sizes\": {\r\n            \"full\": \"\/wp-content\/uploads\/2023\/07\/typografia-identyfikacja-wizualna-yos-studio-projekt-jarmark.png\",\r\n            \"_1024\": \"\/wp-content\/uploads\/2023\/07\/typografia-identyfikacja-wizualna-yos-studio-projekt-jarmark-1024x1024.png\",\r\n            \"_768\": \"\/wp-content\/uploads\/2023\/07\/typografia-identyfikacja-wizualna-yos-studio-projekt-jarmark-768x768.png\",\r\n            \"_512\": \"\/wp-content\/uploads\/2023\/07\/typografia-identyfikacja-wizualna-yos-studio-projekt-jarmark-512x512.png\",\r\n            \"_265\": \"\/wp-content\/uploads\/2023\/07\/typografia-identyfikacja-wizualna-yos-studio-projekt-jarmark-265x265.png\"\r\n          },\r\n          \"w\": 1080,\r\n          \"h\": 1080,\r\n          \"ar\": 1,\r\n          \"alt\": \"\"\r\n        },\r\n        {\r\n          \"type\": \"img\",\r\n          \"attid\": 6675,\r\n          \"cont\": \"\/wp-content\/uploads\/2023\/07\/projekt-grafiki-do-social-media-agencja-yos-jarmark-1.png\",\r\n          \"sizes\": {\r\n            \"full\": \"\/wp-content\/uploads\/2023\/07\/projekt-grafiki-do-social-media-agencja-yos-jarmark-1.png\",\r\n            \"_1024\": \"\/wp-content\/uploads\/2023\/07\/projekt-grafiki-do-social-media-agencja-yos-jarmark-1-1024x1024.png\",\r\n            \"_768\": \"\/wp-content\/uploads\/2023\/07\/projekt-grafiki-do-social-media-agencja-yos-jarmark-1-768x768.png\",\r\n            \"_512\": \"\/wp-content\/uploads\/2023\/07\/projekt-grafiki-do-social-media-agencja-yos-jarmark-1-512x512.png\",\r\n            \"_265\": \"\/wp-content\/uploads\/2023\/07\/projekt-grafiki-do-social-media-agencja-yos-jarmark-1-265x265.png\"\r\n          },\r\n          \"w\": 1080,\r\n          \"h\": 1080,\r\n          \"ar\": 1,\r\n          \"alt\": \"\"\r\n        },\r\n        {\r\n          \"type\": \"img\",\r\n          \"attid\": 6674,\r\n          \"cont\": \"\/wp-content\/uploads\/2023\/07\/projekt-grafiki-social-media-yos-studio-jarmark-poznan-2.png\",\r\n          \"sizes\": {\r\n            \"full\": \"\/wp-content\/uploads\/2023\/07\/projekt-grafiki-social-media-yos-studio-jarmark-poznan-2.png\",\r\n            \"_1024\": \"\/wp-content\/uploads\/2023\/07\/projekt-grafiki-social-media-yos-studio-jarmark-poznan-2-1024x1024.png\",\r\n            \"_768\": \"\/wp-content\/uploads\/2023\/07\/projekt-grafiki-social-media-yos-studio-jarmark-poznan-2-768x768.png\",\r\n            \"_512\": \"\/wp-content\/uploads\/2023\/07\/projekt-grafiki-social-media-yos-studio-jarmark-poznan-2-512x512.png\",\r\n            \"_265\": \"\/wp-content\/uploads\/2023\/07\/projekt-grafiki-social-media-yos-studio-jarmark-poznan-2-265x265.png\"\r\n          },\r\n          \"w\": 1080,\r\n          \"h\": 1080,\r\n          \"ar\": 1,\r\n          \"alt\": \"\"\r\n        },\r\n        {\r\n          \"type\": \"img\",\r\n          \"attid\": 6226,\r\n          \"cont\": \"\/wp-content\/uploads\/2023\/07\/projekt-ulotki-agencja-graficzna-yos-jarmark.png\",\r\n          \"sizes\": {\r\n            \"full\": \"\/wp-content\/uploads\/2023\/07\/projekt-ulotki-agencja-graficzna-yos-jarmark.png\",\r\n            \"_1024\": \"\/wp-content\/uploads\/2023\/07\/projekt-ulotki-agencja-graficzna-yos-jarmark-1024x1024.png\",\r\n            \"_768\": \"\/wp-content\/uploads\/2023\/07\/projekt-ulotki-agencja-graficzna-yos-jarmark-768x768.png\",\r\n            \"_512\": \"\/wp-content\/uploads\/2023\/07\/projekt-ulotki-agencja-graficzna-yos-jarmark-512x512.png\",\r\n            \"_265\": \"\/wp-content\/uploads\/2023\/07\/projekt-ulotki-agencja-graficzna-yos-jarmark-265x265.png\"\r\n          },\r\n          \"w\": 1080,\r\n          \"h\": 1080,\r\n          \"ar\": 1,\r\n          \"alt\": \"\"\r\n        },\r\n        {\r\n          \"type\": \"img\",\r\n          \"attid\": 6227,\r\n          \"cont\": \"\/wp-content\/uploads\/2023\/07\/torba-prezentowa-wystawa-agencja-graficzna-yos-jarmark.png\",\r\n          \"sizes\": {\r\n            \"full\": \"\/wp-content\/uploads\/2023\/07\/torba-prezentowa-wystawa-agencja-graficzna-yos-jarmark.png\",\r\n            \"_1024\": \"\/wp-content\/uploads\/2023\/07\/torba-prezentowa-wystawa-agencja-graficzna-yos-jarmark-1024x1024.png\",\r\n            \"_768\": \"\/wp-content\/uploads\/2023\/07\/torba-prezentowa-wystawa-agencja-graficzna-yos-jarmark-768x768.png\",\r\n            \"_512\": \"\/wp-content\/uploads\/2023\/07\/torba-prezentowa-wystawa-agencja-graficzna-yos-jarmark-512x512.png\",\r\n            \"_265\": \"\/wp-content\/uploads\/2023\/07\/torba-prezentowa-wystawa-agencja-graficzna-yos-jarmark-265x265.png\"\r\n          },\r\n          \"w\": 1080,\r\n          \"h\": 1080,\r\n          \"ar\": 1,\r\n          \"alt\": \"\"\r\n        },\r\n        {\r\n          \"type\": \"img\",\r\n          \"attid\": 6224,\r\n          \"cont\": \"\/wp-content\/uploads\/2023\/07\/branding-wydarzen-poznan-agencja-reklamowa-yos-mtp-jarmark.png\",\r\n          \"sizes\": {\r\n            \"full\": \"\/wp-content\/uploads\/2023\/07\/branding-wydarzen-poznan-agencja-reklamowa-yos-mtp-jarmark.png\",\r\n            \"_1024\": \"\/wp-content\/uploads\/2023\/07\/branding-wydarzen-poznan-agencja-reklamowa-yos-mtp-jarmark-1024x1024.png\",\r\n            \"_768\": \"\/wp-content\/uploads\/2023\/07\/branding-wydarzen-poznan-agencja-reklamowa-yos-mtp-jarmark-768x768.png\",\r\n            \"_512\": \"\/wp-content\/uploads\/2023\/07\/branding-wydarzen-poznan-agencja-reklamowa-yos-mtp-jarmark-512x512.png\",\r\n            \"_265\": \"\/wp-content\/uploads\/2023\/07\/branding-wydarzen-poznan-agencja-reklamowa-yos-mtp-jarmark-265x265.png\"\r\n          },\r\n          \"w\": 1080,\r\n          \"h\": 1080,\r\n          \"ar\": 1,\r\n          \"alt\": \"\"\r\n        },\r\n        {\r\n          \"type\": \"img\",\r\n          \"attid\": 6230,\r\n          \"cont\": \"\/wp-content\/uploads\/2023\/07\/branding-festiwalu-yos-agencja-graficzna-poznan-mtp-jarmark-1.png\",\r\n          \"sizes\": {\r\n            \"full\": \"\/wp-content\/uploads\/2023\/07\/branding-festiwalu-yos-agencja-graficzna-poznan-mtp-jarmark-1.png\",\r\n            \"_1024\": \"\/wp-content\/uploads\/2023\/07\/branding-festiwalu-yos-agencja-graficzna-poznan-mtp-jarmark-1-1024x1024.png\",\r\n            \"_768\": \"\/wp-content\/uploads\/2023\/07\/branding-festiwalu-yos-agencja-graficzna-poznan-mtp-jarmark-1-768x768.png\",\r\n            \"_512\": \"\/wp-content\/uploads\/2023\/07\/branding-festiwalu-yos-agencja-graficzna-poznan-mtp-jarmark-1-512x512.png\",\r\n            \"_265\": \"\/wp-content\/uploads\/2023\/07\/branding-festiwalu-yos-agencja-graficzna-poznan-mtp-jarmark-1-265x265.png\"\r\n          },\r\n          \"w\": 1080,\r\n          \"h\": 1080,\r\n          \"ar\": 1,\r\n          \"alt\": \"\"\r\n        },\r\n        {\r\n          \"type\": \"img\",\r\n          \"attid\": 6229,\r\n          \"cont\": \"\/wp-content\/uploads\/2023\/07\/branding-festiwalu-yos-agencja-graficzna-poznan-mtp-jarmark.png\",\r\n          \"sizes\": {\r\n            \"full\": \"\/wp-content\/uploads\/2023\/07\/branding-festiwalu-yos-agencja-graficzna-poznan-mtp-jarmark.png\",\r\n            \"_1024\": \"\/wp-content\/uploads\/2023\/07\/branding-festiwalu-yos-agencja-graficzna-poznan-mtp-jarmark-1024x1024.png\",\r\n            \"_768\": \"\/wp-content\/uploads\/2023\/07\/branding-festiwalu-yos-agencja-graficzna-poznan-mtp-jarmark-768x768.png\",\r\n            \"_512\": \"\/wp-content\/uploads\/2023\/07\/branding-festiwalu-yos-agencja-graficzna-poznan-mtp-jarmark-512x512.png\",\r\n            \"_265\": \"\/wp-content\/uploads\/2023\/07\/branding-festiwalu-yos-agencja-graficzna-poznan-mtp-jarmark-265x265.png\"\r\n          },\r\n          \"w\": 1080,\r\n          \"h\": 1080,\r\n          \"ar\": 1,\r\n          \"alt\": \"\"\r\n        }\r\n      ],\r\n      \"absolute_position\": false,\r\n      \"frameOverflow\": \"\"\r\n    },\r\n    {\r\n      \"type\": \"text\",\r\n      \"cont\": \"<h2 class=\\\"_h2_namu\\\" style=\\\"text-align: center;\\\">POZNA\u0143 CHRISTMAS MARKET<\/h2><div title=\\\"Page 5\\\"><div style=\\\"text-align: center;\\\" title=\\\"Page 5\\\"><p class=\\\"_tekstowy\\\" style=\\\"text-align: left;\\\">We designed the materials of the Pozna\u0144 Christmas Fair for the City of Pozna\u0144. The event was held at the Pozna\u0144 International Fair and our designs appeared throughout the city. We created a pattern that interpreted Christmas themes in a modern way. The geometric design, warm colors and simple lettering worked well for the promotional campaign. We produced designs for posters, outdoor, gadgets, social media graphics and space design elements.<\/p><p>\u00a0<\/p><\/div><p class=\\\"_Text\\\" style=\\\"text-align: center;\\\"><span style=\\\"font-family: ApercuPro-Regular_0; font-size: 16px;\\\"><span style=\\\"font-weight: 400;\\\"> <a class=\\\"multiple-gradient\\\" href=\\\"https:\/\/www.yos-studio.com\/jarmark\/\\\" data-type=\\\"project\\\" data-id=\\\"5787\\\" data-title=\\\"Pozna\u0144 Christmas Market - Visual Identity\\\" data-catid=\\\"[5]\\\">Check the project<\/a><\/span><\/span><\/p><\/div>\",\r\n      \"align\": \"top\",\r\n      \"row\": 4,\r\n      \"col\": 1,\r\n      \"colspan\": 10,\r\n      \"offsetx\": 0,\r\n      \"offsety\": 0,\r\n      \"spaceabove\": 0,\r\n      \"spacebelow\": 0,\r\n      \"yvel\": 1,\r\n      \"push\": 1,\r\n      \"relid\": 30,\r\n      \"absolute_position\": false,\r\n      \"dosync\": false\r\n    },\r\n    {\r\n      \"type\": \"carousel\",\r\n      \"cont\": \"\",\r\n      \"align\": \"middle\",\r\n      \"row\": 5,\r\n      \"col\": 0,\r\n      \"colspan\": 12,\r\n      \"offsetx\": 0,\r\n      \"offsety\": 0,\r\n      \"spaceabove\": 0,\r\n      \"spacebelow\": 0,\r\n      \"yvel\": 1,\r\n      \"push\": 0,\r\n      \"relid\": 52,\r\n      \"carousel_options\": {\r\n        \"random\": false,\r\n        \"autoplay\": false,\r\n        \"showMultipleSlides\": false,\r\n        \"freeScroll\": false,\r\n        \"mousewheelScroll\": false,\r\n        \"size\": \"aspectRatioOfFirstElement\",\r\n        \"slidesWidth\": \"null\",\r\n        \"transition\": \"fading\",\r\n        \"loop\": \"1\",\r\n        \"spaceBetween\": 0,\r\n        \"captionsUnderSlides\": false,\r\n        \"autoplaySpeed\": 3000,\r\n        \"autoplayDelay\": 0,\r\n        \"transitionSpeed\": 300\r\n      },\r\n      \"carousel\": [\r\n        {\r\n          \"type\": \"img\",\r\n          \"attid\": 6234,\r\n          \"cont\": \"\/wp-content\/uploads\/2023\/07\/projekt-wystawy-zabawek-poznan-yos-studio-ekspozycja-wielkoformatowa.png\",\r\n          \"sizes\": {\r\n            \"full\": \"\/wp-content\/uploads\/2023\/07\/projekt-wystawy-zabawek-poznan-yos-studio-ekspozycja-wielkoformatowa.png\",\r\n            \"_1024\": \"\/wp-content\/uploads\/2023\/07\/projekt-wystawy-zabawek-poznan-yos-studio-ekspozycja-wielkoformatowa-1024x1024.png\",\r\n            \"_768\": \"\/wp-content\/uploads\/2023\/07\/projekt-wystawy-zabawek-poznan-yos-studio-ekspozycja-wielkoformatowa-768x768.png\",\r\n            \"_512\": \"\/wp-content\/uploads\/2023\/07\/projekt-wystawy-zabawek-poznan-yos-studio-ekspozycja-wielkoformatowa-512x512.png\",\r\n            \"_265\": \"\/wp-content\/uploads\/2023\/07\/projekt-wystawy-zabawek-poznan-yos-studio-ekspozycja-wielkoformatowa-265x265.png\"\r\n          },\r\n          \"w\": 1080,\r\n          \"h\": 1080,\r\n          \"ar\": 1,\r\n          \"alt\": \"\"\r\n        },\r\n        {\r\n          \"type\": \"img\",\r\n          \"attid\": 6235,\r\n          \"cont\": \"\/wp-content\/uploads\/2023\/07\/ulotka-do-wystawy-zabawek-projekt-yos-studio-ekspozycja.png\",\r\n          \"sizes\": {\r\n            \"full\": \"\/wp-content\/uploads\/2023\/07\/ulotka-do-wystawy-zabawek-projekt-yos-studio-ekspozycja.png\",\r\n            \"_1024\": \"\/wp-content\/uploads\/2023\/07\/ulotka-do-wystawy-zabawek-projekt-yos-studio-ekspozycja-1024x1024.png\",\r\n            \"_768\": \"\/wp-content\/uploads\/2023\/07\/ulotka-do-wystawy-zabawek-projekt-yos-studio-ekspozycja-768x768.png\",\r\n            \"_512\": \"\/wp-content\/uploads\/2023\/07\/ulotka-do-wystawy-zabawek-projekt-yos-studio-ekspozycja-512x512.png\",\r\n            \"_265\": \"\/wp-content\/uploads\/2023\/07\/ulotka-do-wystawy-zabawek-projekt-yos-studio-ekspozycja-265x265.png\"\r\n          },\r\n          \"w\": 1080,\r\n          \"h\": 1080,\r\n          \"ar\": 1,\r\n          \"alt\": \"\"\r\n        },\r\n        {\r\n          \"type\": \"img\",\r\n          \"attid\": 6232,\r\n          \"cont\": \"\/wp-content\/uploads\/2023\/07\/gadzety-do-wystawy-zabawek-agencja-graficzna-yos.png\",\r\n          \"sizes\": {\r\n            \"full\": \"\/wp-content\/uploads\/2023\/07\/gadzety-do-wystawy-zabawek-agencja-graficzna-yos.png\",\r\n            \"_1024\": \"\/wp-content\/uploads\/2023\/07\/gadzety-do-wystawy-zabawek-agencja-graficzna-yos-1024x1024.png\",\r\n            \"_768\": \"\/wp-content\/uploads\/2023\/07\/gadzety-do-wystawy-zabawek-agencja-graficzna-yos-768x768.png\",\r\n            \"_512\": \"\/wp-content\/uploads\/2023\/07\/gadzety-do-wystawy-zabawek-agencja-graficzna-yos-512x512.png\",\r\n            \"_265\": \"\/wp-content\/uploads\/2023\/07\/gadzety-do-wystawy-zabawek-agencja-graficzna-yos-265x265.png\"\r\n          },\r\n          \"w\": 1080,\r\n          \"h\": 1080,\r\n          \"ar\": 1,\r\n          \"alt\": \"\"\r\n        },\r\n        {\r\n          \"type\": \"img\",\r\n          \"attid\": 6233,\r\n          \"cont\": \"\/wp-content\/uploads\/2023\/07\/projektowanie-wystaw-poznan-studio-yos-ekspozycja-wielkoformatowa.png\",\r\n          \"sizes\": {\r\n            \"full\": \"\/wp-content\/uploads\/2023\/07\/projektowanie-wystaw-poznan-studio-yos-ekspozycja-wielkoformatowa.png\",\r\n            \"_1024\": \"\/wp-content\/uploads\/2023\/07\/projektowanie-wystaw-poznan-studio-yos-ekspozycja-wielkoformatowa-1024x1024.png\",\r\n            \"_768\": \"\/wp-content\/uploads\/2023\/07\/projektowanie-wystaw-poznan-studio-yos-ekspozycja-wielkoformatowa-768x768.png\",\r\n            \"_512\": \"\/wp-content\/uploads\/2023\/07\/projektowanie-wystaw-poznan-studio-yos-ekspozycja-wielkoformatowa-512x512.png\",\r\n            \"_265\": \"\/wp-content\/uploads\/2023\/07\/projektowanie-wystaw-poznan-studio-yos-ekspozycja-wielkoformatowa-265x265.png\"\r\n          },\r\n          \"w\": 1080,\r\n          \"h\": 1080,\r\n          \"ar\": 1,\r\n          \"alt\": \"\"\r\n        },\r\n        {\r\n          \"type\": \"img\",\r\n          \"attid\": 6231,\r\n          \"cont\": \"\/wp-content\/uploads\/2023\/07\/aranzacja-wystawy-zabawek-poznan-agencja-graficzna-yos-ekspozycja.png\",\r\n          \"sizes\": {\r\n            \"full\": \"\/wp-content\/uploads\/2023\/07\/aranzacja-wystawy-zabawek-poznan-agencja-graficzna-yos-ekspozycja.png\",\r\n            \"_1024\": \"\/wp-content\/uploads\/2023\/07\/aranzacja-wystawy-zabawek-poznan-agencja-graficzna-yos-ekspozycja-1024x1024.png\",\r\n            \"_768\": \"\/wp-content\/uploads\/2023\/07\/aranzacja-wystawy-zabawek-poznan-agencja-graficzna-yos-ekspozycja-768x768.png\",\r\n            \"_512\": \"\/wp-content\/uploads\/2023\/07\/aranzacja-wystawy-zabawek-poznan-agencja-graficzna-yos-ekspozycja-512x512.png\",\r\n            \"_265\": \"\/wp-content\/uploads\/2023\/07\/aranzacja-wystawy-zabawek-poznan-agencja-graficzna-yos-ekspozycja-265x265.png\"\r\n          },\r\n          \"w\": 1080,\r\n          \"h\": 1080,\r\n          \"ar\": 1,\r\n          \"alt\": \"\"\r\n        }\r\n      ],\r\n      \"absolute_position\": false,\r\n      \"frameOverflow\": \"\"\r\n    },\r\n    {\r\n      \"type\": \"text\",\r\n      \"cont\": \"<h2 class=\\\"_h2_namu\\\" style=\\\"text-align: center;\\\">TOY EXHIBITION<\/h2><div title=\\\"Page 5\\\"><div style=\\\"text-align: center;\\\" title=\\\"Page 5\\\"><p class=\\\"_tekstowy\\\" style=\\\"text-align: left;\\\">At the invitation of the Museum of the Origins of the Polish State in Gniezno, we created an identity for the 'Toy Exhibition'. Our creation combined historical objects with modern design, becoming an attractive message for the modern viewer. The scope of work included the design of promotional materials (posters, flyers, invitations, online advertising), space arrangement with installations, gadgets and designs for accompanying events (competitions, workshops, meetings with curators).<\/p><p>\u00a0<\/p><\/div><p class=\\\"_Text\\\" style=\\\"text-align: center;\\\"><span style=\\\"font-family: ApercuPro-Light_0;\\\"><span style=\\\"font-weight: 400;\\\"><span style=\\\"font-size: 16px; font-family: ApercuPro-Regular_0;\\\"> <a class=\\\"multiple-gradient\\\" href=\\\"https:\/\/www.yos-studio.com\/zabawki\/\\\" data-type=\\\"project\\\" data-id=\\\"376\\\" data-title=\\\"Toy Exhibition\\\" data-catid=\\\"[5]\\\">See the exhibition<\/a><\/span><br \/><br \/><\/span><\/span><\/p><\/div>\",\r\n      \"align\": \"middle\",\r\n      \"row\": 6,\r\n      \"col\": 1,\r\n      \"colspan\": 10,\r\n      \"offsetx\": 0,\r\n      \"offsety\": 0,\r\n      \"spaceabove\": 0,\r\n      \"spacebelow\": 0,\r\n      \"yvel\": 1,\r\n      \"push\": 1,\r\n      \"relid\": 393,\r\n      \"absolute_position\": false,\r\n      \"dosync\": false\r\n    },\r\n    {\r\n      \"type\": \"carousel\",\r\n      \"cont\": \"\",\r\n      \"align\": \"twothirds\",\r\n      \"row\": 7,\r\n      \"col\": 0,\r\n      \"colspan\": 12,\r\n      \"offsetx\": 0,\r\n      \"offsety\": 0,\r\n      \"spaceabove\": 0,\r\n      \"spacebelow\": 0,\r\n      \"yvel\": 1,\r\n      \"push\": 0,\r\n      \"relid\": 1549,\r\n      \"carousel_options\": {\r\n        \"random\": false,\r\n        \"autoplay\": false,\r\n        \"showMultipleSlides\": false,\r\n        \"freeScroll\": false,\r\n        \"mousewheelScroll\": false,\r\n        \"size\": \"aspectRatioOfFirstElement\",\r\n        \"slidesWidth\": \"null\",\r\n        \"transition\": \"fading\",\r\n        \"loop\": \"1\",\r\n        \"spaceBetween\": 0,\r\n        \"captionsUnderSlides\": false,\r\n        \"autoplayDelay\": 0,\r\n        \"transitionSpeed\": 300,\r\n        \"autoplaySpeed\": 3000\r\n      },\r\n      \"carousel\": [\r\n        {\r\n          \"type\": \"img\",\r\n          \"attid\": 6691,\r\n          \"cont\": \"\/wp-content\/uploads\/2023\/07\/projekt-graficzny-wystawy-yos-projektowanie-poznan-wuf11-1.png\",\r\n          \"sizes\": {\r\n            \"full\": \"\/wp-content\/uploads\/2023\/07\/projekt-graficzny-wystawy-yos-projektowanie-poznan-wuf11-1.png\",\r\n            \"_1024\": \"\/wp-content\/uploads\/2023\/07\/projekt-graficzny-wystawy-yos-projektowanie-poznan-wuf11-1-1024x1024.png\",\r\n            \"_768\": \"\/wp-content\/uploads\/2023\/07\/projekt-graficzny-wystawy-yos-projektowanie-poznan-wuf11-1-768x768.png\",\r\n            \"_512\": \"\/wp-content\/uploads\/2023\/07\/projekt-graficzny-wystawy-yos-projektowanie-poznan-wuf11-1-512x512.png\",\r\n            \"_265\": \"\/wp-content\/uploads\/2023\/07\/projekt-graficzny-wystawy-yos-projektowanie-poznan-wuf11-1-265x265.png\"\r\n          },\r\n          \"w\": 1080,\r\n          \"h\": 1080,\r\n          \"ar\": 1,\r\n          \"alt\": \"\"\r\n        },\r\n        {\r\n          \"type\": \"img\",\r\n          \"attid\": 6236,\r\n          \"cont\": \"\/wp-content\/uploads\/2023\/07\/pattern-do-wystawy-agencja-graficzna-yos-studio-wuf11.png\",\r\n          \"sizes\": {\r\n            \"full\": \"\/wp-content\/uploads\/2023\/07\/pattern-do-wystawy-agencja-graficzna-yos-studio-wuf11.png\",\r\n            \"_1024\": \"\/wp-content\/uploads\/2023\/07\/pattern-do-wystawy-agencja-graficzna-yos-studio-wuf11-1024x1024.png\",\r\n            \"_768\": \"\/wp-content\/uploads\/2023\/07\/pattern-do-wystawy-agencja-graficzna-yos-studio-wuf11-768x768.png\",\r\n            \"_512\": \"\/wp-content\/uploads\/2023\/07\/pattern-do-wystawy-agencja-graficzna-yos-studio-wuf11-512x512.png\",\r\n            \"_265\": \"\/wp-content\/uploads\/2023\/07\/pattern-do-wystawy-agencja-graficzna-yos-studio-wuf11-265x265.png\"\r\n          },\r\n          \"w\": 1080,\r\n          \"h\": 1080,\r\n          \"ar\": 1,\r\n          \"alt\": \"\"\r\n        },\r\n        {\r\n          \"type\": \"img\",\r\n          \"attid\": 6239,\r\n          \"cont\": \"\/wp-content\/uploads\/2023\/07\/projektowanie-wystaw-graficznych-yos-studio-projekt-wuf11-poznan.png\",\r\n          \"sizes\": {\r\n            \"full\": \"\/wp-content\/uploads\/2023\/07\/projektowanie-wystaw-graficznych-yos-studio-projekt-wuf11-poznan.png\",\r\n            \"_1024\": \"\/wp-content\/uploads\/2023\/07\/projektowanie-wystaw-graficznych-yos-studio-projekt-wuf11-poznan-1024x1024.png\",\r\n            \"_768\": \"\/wp-content\/uploads\/2023\/07\/projektowanie-wystaw-graficznych-yos-studio-projekt-wuf11-poznan-768x768.png\",\r\n            \"_512\": \"\/wp-content\/uploads\/2023\/07\/projektowanie-wystaw-graficznych-yos-studio-projekt-wuf11-poznan-512x512.png\",\r\n            \"_265\": \"\/wp-content\/uploads\/2023\/07\/projektowanie-wystaw-graficznych-yos-studio-projekt-wuf11-poznan-265x265.png\"\r\n          },\r\n          \"w\": 1080,\r\n          \"h\": 1080,\r\n          \"ar\": 1,\r\n          \"alt\": \"\"\r\n        },\r\n        {\r\n          \"type\": \"img\",\r\n          \"attid\": 6240,\r\n          \"cont\": \"\/wp-content\/uploads\/2023\/07\/projekt-wystawy-studio-graficzne-yos-projekt-wuf11-poznan.png\",\r\n          \"sizes\": {\r\n            \"full\": \"\/wp-content\/uploads\/2023\/07\/projekt-wystawy-studio-graficzne-yos-projekt-wuf11-poznan.png\",\r\n            \"_1024\": \"\/wp-content\/uploads\/2023\/07\/projekt-wystawy-studio-graficzne-yos-projekt-wuf11-poznan-1024x1024.png\",\r\n            \"_768\": \"\/wp-content\/uploads\/2023\/07\/projekt-wystawy-studio-graficzne-yos-projekt-wuf11-poznan-768x768.png\",\r\n            \"_512\": \"\/wp-content\/uploads\/2023\/07\/projekt-wystawy-studio-graficzne-yos-projekt-wuf11-poznan-512x512.png\",\r\n            \"_265\": \"\/wp-content\/uploads\/2023\/07\/projekt-wystawy-studio-graficzne-yos-projekt-wuf11-poznan-265x265.png\"\r\n          },\r\n          \"w\": 1080,\r\n          \"h\": 1080,\r\n          \"ar\": 1,\r\n          \"alt\": \"\"\r\n        },\r\n        {\r\n          \"type\": \"img\",\r\n          \"attid\": 6237,\r\n          \"cont\": \"\/wp-content\/uploads\/2023\/07\/projekt-graficzny-wystawy-agencja-graficzna-yos-poznan-wuf11.png\",\r\n          \"sizes\": {\r\n            \"full\": \"\/wp-content\/uploads\/2023\/07\/projekt-graficzny-wystawy-agencja-graficzna-yos-poznan-wuf11.png\",\r\n            \"_1024\": \"\/wp-content\/uploads\/2023\/07\/projekt-graficzny-wystawy-agencja-graficzna-yos-poznan-wuf11-1024x1024.png\",\r\n            \"_768\": \"\/wp-content\/uploads\/2023\/07\/projekt-graficzny-wystawy-agencja-graficzna-yos-poznan-wuf11-768x768.png\",\r\n            \"_512\": \"\/wp-content\/uploads\/2023\/07\/projekt-graficzny-wystawy-agencja-graficzna-yos-poznan-wuf11-512x512.png\",\r\n            \"_265\": \"\/wp-content\/uploads\/2023\/07\/projekt-graficzny-wystawy-agencja-graficzna-yos-poznan-wuf11-265x265.png\"\r\n          },\r\n          \"w\": 1080,\r\n          \"h\": 1080,\r\n          \"ar\": 1,\r\n          \"alt\": \"\"\r\n        },\r\n        {\r\n          \"type\": \"img\",\r\n          \"attid\": 6677,\r\n          \"cont\": \"\/wp-content\/uploads\/2023\/07\/projektowanie-graficzne-wystaw-poznan-wuf11-yos-studio.jpg\",\r\n          \"sizes\": {\r\n            \"full\": \"\/wp-content\/uploads\/2023\/07\/projektowanie-graficzne-wystaw-poznan-wuf11-yos-studio.jpg\",\r\n            \"_1024\": \"\/wp-content\/uploads\/2023\/07\/projektowanie-graficzne-wystaw-poznan-wuf11-yos-studio-1024x1024.jpg\",\r\n            \"_768\": \"\/wp-content\/uploads\/2023\/07\/projektowanie-graficzne-wystaw-poznan-wuf11-yos-studio-768x768.jpg\",\r\n            \"_512\": \"\/wp-content\/uploads\/2023\/07\/projektowanie-graficzne-wystaw-poznan-wuf11-yos-studio-512x512.jpg\",\r\n            \"_265\": \"\/wp-content\/uploads\/2023\/07\/projektowanie-graficzne-wystaw-poznan-wuf11-yos-studio-265x265.jpg\"\r\n          },\r\n          \"w\": 1080,\r\n          \"h\": 1080,\r\n          \"ar\": 1,\r\n          \"alt\": \"\"\r\n        },\r\n        {\r\n          \"type\": \"img\",\r\n          \"attid\": 6678,\r\n          \"cont\": \"\/wp-content\/uploads\/2023\/07\/projektowanie-graficzne-wystaw-poznan-wuf11-agencja-yos.jpg\",\r\n          \"sizes\": {\r\n            \"full\": \"\/wp-content\/uploads\/2023\/07\/projektowanie-graficzne-wystaw-poznan-wuf11-agencja-yos.jpg\",\r\n            \"_1024\": \"\/wp-content\/uploads\/2023\/07\/projektowanie-graficzne-wystaw-poznan-wuf11-agencja-yos-1024x1024.jpg\",\r\n            \"_768\": \"\/wp-content\/uploads\/2023\/07\/projektowanie-graficzne-wystaw-poznan-wuf11-agencja-yos-768x768.jpg\",\r\n            \"_512\": \"\/wp-content\/uploads\/2023\/07\/projektowanie-graficzne-wystaw-poznan-wuf11-agencja-yos-512x512.jpg\",\r\n            \"_265\": \"\/wp-content\/uploads\/2023\/07\/projektowanie-graficzne-wystaw-poznan-wuf11-agencja-yos-265x265.jpg\"\r\n          },\r\n          \"w\": 1080,\r\n          \"h\": 1080,\r\n          \"ar\": 1,\r\n          \"alt\": \"\"\r\n        },\r\n        {\r\n          \"type\": \"img\",\r\n          \"attid\": 6676,\r\n          \"cont\": \"\/wp-content\/uploads\/2023\/07\/projekt-graficzny-wystawy-projektowanie-poznan-wuf11-yos.jpg\",\r\n          \"sizes\": {\r\n            \"full\": \"\/wp-content\/uploads\/2023\/07\/projekt-graficzny-wystawy-projektowanie-poznan-wuf11-yos.jpg\",\r\n            \"_1024\": \"\/wp-content\/uploads\/2023\/07\/projekt-graficzny-wystawy-projektowanie-poznan-wuf11-yos-1024x1024.jpg\",\r\n            \"_768\": \"\/wp-content\/uploads\/2023\/07\/projekt-graficzny-wystawy-projektowanie-poznan-wuf11-yos-768x768.jpg\",\r\n            \"_512\": \"\/wp-content\/uploads\/2023\/07\/projekt-graficzny-wystawy-projektowanie-poznan-wuf11-yos-512x512.jpg\",\r\n            \"_265\": \"\/wp-content\/uploads\/2023\/07\/projekt-graficzny-wystawy-projektowanie-poznan-wuf11-yos-265x265.jpg\"\r\n          },\r\n          \"w\": 1080,\r\n          \"h\": 1080,\r\n          \"ar\": 1,\r\n          \"alt\": \"\"\r\n        }\r\n      ],\r\n      \"absolute_position\": false\r\n    },\r\n    {\r\n      \"type\": \"text\",\r\n      \"cont\": \"<h2 class=\\\"_h2_namu\\\" style=\\\"text-align: center;\\\">URBAN TRANSFORMATIONS<\/h2><div title=\\\"Page 5\\\"><div style=\\\"text-align: center;\\\" title=\\\"Page 5\\\"><p class=\\\"_tekstowy\\\" style=\\\"text-align: left;\\\">We took part in the 11th edition of the World Urban Forum in Katowice by designing the exhibition 'Urban Transformations', commissioned by the Pozna\u0144 International Fair. In a short period of time, we carried out the commission with an international audience of more than 20,000 people. We developed the logotype, infographics and illustrations to tell the story of the inhabitants and cities. Our creation was based on a clear and legible message that naturally navigated visitors along the exhibition path.<\/p><p>\u00a0<\/p><\/div><p class=\\\"_Text\\\" style=\\\"text-align: center;\\\"><span style=\\\"font-family: ApercuPro-Regular_0; font-size: 16px;\\\"><span style=\\\"font-weight: 400;\\\"> <a class=\\\"multiple-gradient\\\" href=\\\"https:\/\/www.yos-studio.com\/wuf11\/\\\" data-type=\\\"project\\\" data-id=\\\"5312\\\" data-title=\\\"MTP group\\\" data-catid=\\\"[5]\\\">See the exhibition<\/a><br \/><br \/><\/span><\/span><\/p><\/div>\",\r\n      \"align\": \"top\",\r\n      \"row\": 8,\r\n      \"col\": 1,\r\n      \"colspan\": 10,\r\n      \"offsetx\": 0,\r\n      \"offsety\": 0,\r\n      \"spaceabove\": 0,\r\n      \"spacebelow\": 0,\r\n      \"yvel\": 1,\r\n      \"push\": 1,\r\n      \"relid\": 626,\r\n      \"absolute_position\": false,\r\n      \"dosync\": false\r\n    },\r\n    {\r\n      \"type\": \"carousel\",\r\n      \"cont\": \"\",\r\n      \"align\": \"middle\",\r\n      \"row\": 9,\r\n      \"col\": 0,\r\n      \"colspan\": 12,\r\n      \"offsetx\": 0,\r\n      \"offsety\": 0,\r\n      \"spaceabove\": 0,\r\n      \"spacebelow\": 0,\r\n      \"yvel\": 1,\r\n      \"push\": 0,\r\n      \"relid\": 53,\r\n      \"carousel_options\": {\r\n        \"random\": false,\r\n        \"autoplay\": false,\r\n        \"showMultipleSlides\": false,\r\n        \"freeScroll\": false,\r\n        \"mousewheelScroll\": false,\r\n        \"size\": \"aspectRatioOfFirstElement\",\r\n        \"slidesWidth\": \"null\",\r\n        \"transition\": \"fading\",\r\n        \"loop\": \"1\",\r\n        \"spaceBetween\": 0,\r\n        \"captionsUnderSlides\": false,\r\n        \"autoplaySpeed\": 3000,\r\n        \"autoplayDelay\": 0,\r\n        \"transitionSpeed\": 300\r\n      },\r\n      \"carousel\": [\r\n        {\r\n          \"type\": \"img\",\r\n          \"attid\": 6244,\r\n          \"cont\": \"\/wp-content\/uploads\/2023\/07\/projekt-identyfikacji-wizualnej-czytaty-agencja-graficzna-yos-studio.png\",\r\n          \"sizes\": {\r\n            \"full\": \"\/wp-content\/uploads\/2023\/07\/projekt-identyfikacji-wizualnej-czytaty-agencja-graficzna-yos-studio.png\",\r\n            \"_1024\": \"\/wp-content\/uploads\/2023\/07\/projekt-identyfikacji-wizualnej-czytaty-agencja-graficzna-yos-studio-1024x1024.png\",\r\n            \"_768\": \"\/wp-content\/uploads\/2023\/07\/projekt-identyfikacji-wizualnej-czytaty-agencja-graficzna-yos-studio-768x768.png\",\r\n            \"_512\": \"\/wp-content\/uploads\/2023\/07\/projekt-identyfikacji-wizualnej-czytaty-agencja-graficzna-yos-studio-512x512.png\",\r\n            \"_265\": \"\/wp-content\/uploads\/2023\/07\/projekt-identyfikacji-wizualnej-czytaty-agencja-graficzna-yos-studio-265x265.png\"\r\n          },\r\n          \"w\": 1080,\r\n          \"h\": 1080,\r\n          \"ar\": 1,\r\n          \"alt\": \"\"\r\n        },\r\n        {\r\n          \"type\": \"img\",\r\n          \"attid\": 6243,\r\n          \"cont\": \"\/wp-content\/uploads\/2023\/07\/identyfikacja-wizualna-czytaty-yos-studio-projekt-ilustracji-poznan.png\",\r\n          \"sizes\": {\r\n            \"full\": \"\/wp-content\/uploads\/2023\/07\/identyfikacja-wizualna-czytaty-yos-studio-projekt-ilustracji-poznan.png\",\r\n            \"_1024\": \"\/wp-content\/uploads\/2023\/07\/identyfikacja-wizualna-czytaty-yos-studio-projekt-ilustracji-poznan-1024x1024.png\",\r\n            \"_768\": \"\/wp-content\/uploads\/2023\/07\/identyfikacja-wizualna-czytaty-yos-studio-projekt-ilustracji-poznan-768x768.png\",\r\n            \"_512\": \"\/wp-content\/uploads\/2023\/07\/identyfikacja-wizualna-czytaty-yos-studio-projekt-ilustracji-poznan-512x512.png\",\r\n            \"_265\": \"\/wp-content\/uploads\/2023\/07\/identyfikacja-wizualna-czytaty-yos-studio-projekt-ilustracji-poznan-265x265.png\"\r\n          },\r\n          \"w\": 1080,\r\n          \"h\": 1080,\r\n          \"ar\": 1,\r\n          \"alt\": \"\"\r\n        },\r\n        {\r\n          \"type\": \"img\",\r\n          \"attid\": 6246,\r\n          \"cont\": \"\/wp-content\/uploads\/2023\/07\/system-identyfikacji-wizualnej-czytaty-yos-studio-agencja-graficzna.png\",\r\n          \"sizes\": {\r\n            \"full\": \"\/wp-content\/uploads\/2023\/07\/system-identyfikacji-wizualnej-czytaty-yos-studio-agencja-graficzna.png\",\r\n            \"_1024\": \"\/wp-content\/uploads\/2023\/07\/system-identyfikacji-wizualnej-czytaty-yos-studio-agencja-graficzna-1024x1024.png\",\r\n            \"_768\": \"\/wp-content\/uploads\/2023\/07\/system-identyfikacji-wizualnej-czytaty-yos-studio-agencja-graficzna-768x768.png\",\r\n            \"_512\": \"\/wp-content\/uploads\/2023\/07\/system-identyfikacji-wizualnej-czytaty-yos-studio-agencja-graficzna-512x512.png\",\r\n            \"_265\": \"\/wp-content\/uploads\/2023\/07\/system-identyfikacji-wizualnej-czytaty-yos-studio-agencja-graficzna-265x265.png\"\r\n          },\r\n          \"w\": 1080,\r\n          \"h\": 1080,\r\n          \"ar\": 1,\r\n          \"alt\": \"\"\r\n        },\r\n        {\r\n          \"type\": \"img\",\r\n          \"attid\": 6245,\r\n          \"cont\": \"\/wp-content\/uploads\/2023\/07\/projekt-identyfikacji-wizualnej-czytaty-yos-agencja-reklamowa-plakat.png\",\r\n          \"sizes\": {\r\n            \"full\": \"\/wp-content\/uploads\/2023\/07\/projekt-identyfikacji-wizualnej-czytaty-yos-agencja-reklamowa-plakat.png\",\r\n            \"_1024\": \"\/wp-content\/uploads\/2023\/07\/projekt-identyfikacji-wizualnej-czytaty-yos-agencja-reklamowa-plakat-1024x1024.png\",\r\n            \"_768\": \"\/wp-content\/uploads\/2023\/07\/projekt-identyfikacji-wizualnej-czytaty-yos-agencja-reklamowa-plakat-768x768.png\",\r\n            \"_512\": \"\/wp-content\/uploads\/2023\/07\/projekt-identyfikacji-wizualnej-czytaty-yos-agencja-reklamowa-plakat-512x512.png\",\r\n            \"_265\": \"\/wp-content\/uploads\/2023\/07\/projekt-identyfikacji-wizualnej-czytaty-yos-agencja-reklamowa-plakat-265x265.png\"\r\n          },\r\n          \"w\": 1080,\r\n          \"h\": 1080,\r\n          \"ar\": 1,\r\n          \"alt\": \"\"\r\n        },\r\n        {\r\n          \"type\": \"img\",\r\n          \"attid\": 6241,\r\n          \"cont\": \"\/wp-content\/uploads\/2023\/07\/system-identyfikacji-wizualnej-czytaty-yos-studio-projekt-ulotki.png\",\r\n          \"sizes\": {\r\n            \"full\": \"\/wp-content\/uploads\/2023\/07\/system-identyfikacji-wizualnej-czytaty-yos-studio-projekt-ulotki.png\",\r\n            \"_1024\": \"\/wp-content\/uploads\/2023\/07\/system-identyfikacji-wizualnej-czytaty-yos-studio-projekt-ulotki-1024x1024.png\",\r\n            \"_768\": \"\/wp-content\/uploads\/2023\/07\/system-identyfikacji-wizualnej-czytaty-yos-studio-projekt-ulotki-768x768.png\",\r\n            \"_512\": \"\/wp-content\/uploads\/2023\/07\/system-identyfikacji-wizualnej-czytaty-yos-studio-projekt-ulotki-512x512.png\",\r\n            \"_265\": \"\/wp-content\/uploads\/2023\/07\/system-identyfikacji-wizualnej-czytaty-yos-studio-projekt-ulotki-265x265.png\"\r\n          },\r\n          \"w\": 1080,\r\n          \"h\": 1080,\r\n          \"ar\": 1,\r\n          \"alt\": \"\"\r\n        },\r\n        {\r\n          \"type\": \"img\",\r\n          \"attid\": 6242,\r\n          \"cont\": \"\/wp-content\/uploads\/2023\/07\/identyfikacja-wizualna-czytaty-yos-studio-poznan-projektowanie.png\",\r\n          \"sizes\": {\r\n            \"full\": \"\/wp-content\/uploads\/2023\/07\/identyfikacja-wizualna-czytaty-yos-studio-poznan-projektowanie.png\",\r\n            \"_1024\": \"\/wp-content\/uploads\/2023\/07\/identyfikacja-wizualna-czytaty-yos-studio-poznan-projektowanie-1024x1024.png\",\r\n            \"_768\": \"\/wp-content\/uploads\/2023\/07\/identyfikacja-wizualna-czytaty-yos-studio-poznan-projektowanie-768x768.png\",\r\n            \"_512\": \"\/wp-content\/uploads\/2023\/07\/identyfikacja-wizualna-czytaty-yos-studio-poznan-projektowanie-512x512.png\",\r\n            \"_265\": \"\/wp-content\/uploads\/2023\/07\/identyfikacja-wizualna-czytaty-yos-studio-poznan-projektowanie-265x265.png\"\r\n          },\r\n          \"w\": 1080,\r\n          \"h\": 1080,\r\n          \"ar\": 1,\r\n          \"alt\": \"\"\r\n        }\r\n      ],\r\n      \"absolute_position\": false,\r\n      \"frameOverflow\": \"left\"\r\n    },\r\n    {\r\n      \"type\": \"text\",\r\n      \"cont\": \"<h2 class=\\\"_h2_namu\\\" style=\\\"text-align: center;\\\">CZYTATY<\/h2><div style=\\\"text-align: center;\\\" title=\\\"Page 5\\\"><div title=\\\"Page 5\\\"><p class=\\\"_tekstowy\\\" style=\\\"text-align: left;\\\">We created the graphic design for the CZYTATY events promoting family reading for the Raczynski Library in Poznan. We designed a logotype composed of the name of the series, which we left with a cut-out aesthetic. The main products of this realization were posters with a recurring motif of a book-father and a book-child. They proved successful in outdoor promotion and their elements in the gadgets accompanying the event: collectible stickers, bags and badges.<\/p><\/div><\/div><p style=\\\"text-align: center;\\\">\u00a0<\/p><p class=\\\"_Text\\\" style=\\\"text-align: center;\\\"><span style=\\\"font-family: ApercuPro-Light_0; font-size: 16px;\\\"><span style=\\\"font-weight: 400;\\\"><span style=\\\"font-family: ApercuPro-Regular_0;\\\"> <a class=\\\"multiple-gradient\\\" href=\\\"https:\/\/www.yos-studio.com\/czytaty\/\\\" data-type=\\\"project\\\" data-id=\\\"402\\\" data-title=\\\"CZYTATY\\\" data-catid=\\\"[5]\\\">Check the project<\/a><\/span><br \/><br \/><\/span><\/span><\/p>\",\r\n      \"align\": \"top\",\r\n      \"row\": 10,\r\n      \"col\": 1,\r\n      \"colspan\": 10,\r\n      \"offsetx\": 0,\r\n      \"offsety\": 0,\r\n      \"spaceabove\": 0,\r\n      \"spacebelow\": 0,\r\n      \"yvel\": 1,\r\n      \"push\": 1,\r\n      \"relid\": 1936,\r\n      \"absolute_position\": false,\r\n      \"dosync\": false\r\n    },\r\n    {\r\n      \"type\": \"carousel\",\r\n      \"cont\": \"\",\r\n      \"align\": \"twothirds\",\r\n      \"row\": 11,\r\n      \"col\": 0,\r\n      \"colspan\": 12,\r\n      \"offsetx\": 0,\r\n      \"offsety\": 0,\r\n      \"spaceabove\": 0,\r\n      \"spacebelow\": 0,\r\n      \"yvel\": 1,\r\n      \"push\": 0,\r\n      \"relid\": 54,\r\n      \"carousel_options\": {\r\n        \"random\": false,\r\n        \"autoplay\": false,\r\n        \"showMultipleSlides\": false,\r\n        \"freeScroll\": false,\r\n        \"mousewheelScroll\": false,\r\n        \"size\": \"aspectRatioOfFirstElement\",\r\n        \"slidesWidth\": \"null\",\r\n        \"transition\": \"fading\",\r\n        \"loop\": \"1\",\r\n        \"spaceBetween\": 0,\r\n        \"captionsUnderSlides\": false,\r\n        \"autoplaySpeed\": 3000,\r\n        \"autoplayDelay\": 0,\r\n        \"transitionSpeed\": 300\r\n      },\r\n      \"carousel\": [\r\n        {\r\n          \"type\": \"img\",\r\n          \"attid\": 6692,\r\n          \"cont\": \"\/wp-content\/uploads\/2023\/07\/projekt-graficzny-wystawy-yos-poznan-projekt-kultura-muzyczna-1.png\",\r\n          \"sizes\": {\r\n            \"full\": \"\/wp-content\/uploads\/2023\/07\/projekt-graficzny-wystawy-yos-poznan-projekt-kultura-muzyczna-1.png\",\r\n            \"_1024\": \"\/wp-content\/uploads\/2023\/07\/projekt-graficzny-wystawy-yos-poznan-projekt-kultura-muzyczna-1-1024x1024.png\",\r\n            \"_768\": \"\/wp-content\/uploads\/2023\/07\/projekt-graficzny-wystawy-yos-poznan-projekt-kultura-muzyczna-1-768x768.png\",\r\n            \"_512\": \"\/wp-content\/uploads\/2023\/07\/projekt-graficzny-wystawy-yos-poznan-projekt-kultura-muzyczna-1-512x512.png\",\r\n            \"_265\": \"\/wp-content\/uploads\/2023\/07\/projekt-graficzny-wystawy-yos-poznan-projekt-kultura-muzyczna-1-265x265.png\"\r\n          },\r\n          \"w\": 1080,\r\n          \"h\": 1080,\r\n          \"ar\": 1,\r\n          \"alt\": \"\"\r\n        },\r\n        {\r\n          \"type\": \"img\",\r\n          \"attid\": 6249,\r\n          \"cont\": \"\/wp-content\/uploads\/2023\/07\/projektowanie-wystaw-muzealnych-yos-studio-poznan-kultura-muzyczna-1.png\",\r\n          \"sizes\": {\r\n            \"full\": \"\/wp-content\/uploads\/2023\/07\/projektowanie-wystaw-muzealnych-yos-studio-poznan-kultura-muzyczna-1.png\",\r\n            \"_1024\": \"\/wp-content\/uploads\/2023\/07\/projektowanie-wystaw-muzealnych-yos-studio-poznan-kultura-muzyczna-1-1024x1024.png\",\r\n            \"_768\": \"\/wp-content\/uploads\/2023\/07\/projektowanie-wystaw-muzealnych-yos-studio-poznan-kultura-muzyczna-1-768x768.png\",\r\n            \"_512\": \"\/wp-content\/uploads\/2023\/07\/projektowanie-wystaw-muzealnych-yos-studio-poznan-kultura-muzyczna-1-512x512.png\",\r\n            \"_265\": \"\/wp-content\/uploads\/2023\/07\/projektowanie-wystaw-muzealnych-yos-studio-poznan-kultura-muzyczna-1-265x265.png\"\r\n          },\r\n          \"w\": 1080,\r\n          \"h\": 1080,\r\n          \"ar\": 1,\r\n          \"alt\": \"\"\r\n        },\r\n        {\r\n          \"type\": \"img\",\r\n          \"attid\": 6250,\r\n          \"cont\": \"\/wp-content\/uploads\/2023\/07\/projektowanie-wystaw-yos-studio-agencja-graficzna-kultura-muzyczna.png\",\r\n          \"sizes\": {\r\n            \"full\": \"\/wp-content\/uploads\/2023\/07\/projektowanie-wystaw-yos-studio-agencja-graficzna-kultura-muzyczna.png\",\r\n            \"_1024\": \"\/wp-content\/uploads\/2023\/07\/projektowanie-wystaw-yos-studio-agencja-graficzna-kultura-muzyczna-1024x1024.png\",\r\n            \"_768\": \"\/wp-content\/uploads\/2023\/07\/projektowanie-wystaw-yos-studio-agencja-graficzna-kultura-muzyczna-768x768.png\",\r\n            \"_512\": \"\/wp-content\/uploads\/2023\/07\/projektowanie-wystaw-yos-studio-agencja-graficzna-kultura-muzyczna-512x512.png\",\r\n            \"_265\": \"\/wp-content\/uploads\/2023\/07\/projektowanie-wystaw-yos-studio-agencja-graficzna-kultura-muzyczna-265x265.png\"\r\n          },\r\n          \"w\": 1080,\r\n          \"h\": 1080,\r\n          \"ar\": 1,\r\n          \"alt\": \"\"\r\n        },\r\n        {\r\n          \"type\": \"img\",\r\n          \"attid\": 6251,\r\n          \"cont\": \"\/wp-content\/uploads\/2023\/07\/projekt-wystawy-yos-agencja-graficzna-poznan-kultura-muzyczna.png\",\r\n          \"sizes\": {\r\n            \"full\": \"\/wp-content\/uploads\/2023\/07\/projekt-wystawy-yos-agencja-graficzna-poznan-kultura-muzyczna.png\",\r\n            \"_1024\": \"\/wp-content\/uploads\/2023\/07\/projekt-wystawy-yos-agencja-graficzna-poznan-kultura-muzyczna-1024x1024.png\",\r\n            \"_768\": \"\/wp-content\/uploads\/2023\/07\/projekt-wystawy-yos-agencja-graficzna-poznan-kultura-muzyczna-768x768.png\",\r\n            \"_512\": \"\/wp-content\/uploads\/2023\/07\/projekt-wystawy-yos-agencja-graficzna-poznan-kultura-muzyczna-512x512.png\",\r\n            \"_265\": \"\/wp-content\/uploads\/2023\/07\/projekt-wystawy-yos-agencja-graficzna-poznan-kultura-muzyczna-265x265.png\"\r\n          },\r\n          \"w\": 1080,\r\n          \"h\": 1080,\r\n          \"ar\": 1,\r\n          \"alt\": \"\"\r\n        },\r\n        {\r\n          \"type\": \"img\",\r\n          \"attid\": 6248,\r\n          \"cont\": \"\/wp-content\/uploads\/2023\/07\/projektowanie-wystaw-muzealnych-yos-studio-poznan-kultura-muzyczna.png\",\r\n          \"sizes\": {\r\n            \"full\": \"\/wp-content\/uploads\/2023\/07\/projektowanie-wystaw-muzealnych-yos-studio-poznan-kultura-muzyczna.png\",\r\n            \"_1024\": \"\/wp-content\/uploads\/2023\/07\/projektowanie-wystaw-muzealnych-yos-studio-poznan-kultura-muzyczna-1024x1024.png\",\r\n            \"_768\": \"\/wp-content\/uploads\/2023\/07\/projektowanie-wystaw-muzealnych-yos-studio-poznan-kultura-muzyczna-768x768.png\",\r\n            \"_512\": \"\/wp-content\/uploads\/2023\/07\/projektowanie-wystaw-muzealnych-yos-studio-poznan-kultura-muzyczna-512x512.png\",\r\n            \"_265\": \"\/wp-content\/uploads\/2023\/07\/projektowanie-wystaw-muzealnych-yos-studio-poznan-kultura-muzyczna-265x265.png\"\r\n          },\r\n          \"w\": 1080,\r\n          \"h\": 1080,\r\n          \"ar\": 1,\r\n          \"alt\": \"\"\r\n        }\r\n      ],\r\n      \"absolute_position\": false,\r\n      \"frameOverflow\": \"\"\r\n    },\r\n    {\r\n      \"type\": \"text\",\r\n      \"cont\": \"<h2 class=\\\"_h2_namu\\\" style=\\\"text-align: center;\\\">MUSICAL CULTURE<\/h2><div title=\\\"Page 5\\\"><div title=\\\"Page 5\\\"><p class=\\\"_tekstowy\\\" style=\\\"text-align: center;\\\">For the exhibition \\\"Musical culture in the early days of the Polish state\\\", we created a comprehensive graphic design. The scope of work included: visual identification, arrangement and spatial installations. Inspired by medieval iconography with musicians and instruments, we designed a logotype, posters, invitations, sound animations and promotional materials for accompanying events and publications (folder and catalog).<\/p><\/div><\/div><p style=\\\"text-align: center;\\\">\u00a0<\/p><p class=\\\"_Text\\\" style=\\\"text-align: center;\\\"><span style=\\\"font-family: ApercuPro-Regular_0; font-size: 16px;\\\"><span style=\\\"font-weight: 400;\\\"> <a class=\\\"multiple-gradient\\\" href=\\\"https:\/\/www.yos-studio.com\/kultura\/\\\" data-type=\\\"project\\\" data-id=\\\"877\\\" data-title=\\\"Musical Culture\\\" data-catid=\\\"[5]\\\">See the exhibition<\/a><br \/><br \/><\/span><\/span><\/p>\",\r\n      \"align\": \"top\",\r\n      \"row\": 12,\r\n      \"col\": 1,\r\n      \"colspan\": 10,\r\n      \"offsetx\": 0,\r\n      \"offsety\": 0,\r\n      \"spaceabove\": 0,\r\n      \"spacebelow\": 0,\r\n      \"yvel\": 1,\r\n      \"push\": 1,\r\n      \"relid\": 60,\r\n      \"absolute_position\": false,\r\n      \"dosync\": false\r\n    },\r\n    {\r\n      \"type\": \"carousel\",\r\n      \"cont\": \"\",\r\n      \"align\": \"twothirds\",\r\n      \"row\": 13,\r\n      \"col\": 0,\r\n      \"colspan\": 12,\r\n      \"offsetx\": 0,\r\n      \"offsety\": 0,\r\n      \"spaceabove\": 0,\r\n      \"spacebelow\": 0,\r\n      \"yvel\": 1,\r\n      \"push\": 0,\r\n      \"relid\": 55,\r\n      \"carousel_options\": {\r\n        \"random\": false,\r\n        \"autoplay\": false,\r\n        \"showMultipleSlides\": false,\r\n        \"freeScroll\": false,\r\n        \"mousewheelScroll\": false,\r\n        \"size\": \"aspectRatioOfFirstElement\",\r\n        \"slidesWidth\": \"null\",\r\n        \"transition\": \"fading\",\r\n        \"loop\": \"1\",\r\n        \"spaceBetween\": 0,\r\n        \"captionsUnderSlides\": false,\r\n        \"autoplaySpeed\": 3000,\r\n        \"autoplayDelay\": 0,\r\n        \"transitionSpeed\": 300\r\n      },\r\n      \"carousel\": [\r\n        {\r\n          \"type\": \"img\",\r\n          \"attid\": 6253,\r\n          \"cont\": \"\/wp-content\/uploads\/2023\/07\/identyfikacja-wizualna-agencja-graficzna-yos-poznan-food-days.png\",\r\n          \"sizes\": {\r\n            \"full\": \"\/wp-content\/uploads\/2023\/07\/identyfikacja-wizualna-agencja-graficzna-yos-poznan-food-days.png\",\r\n            \"_1024\": \"\/wp-content\/uploads\/2023\/07\/identyfikacja-wizualna-agencja-graficzna-yos-poznan-food-days-1024x1024.png\",\r\n            \"_768\": \"\/wp-content\/uploads\/2023\/07\/identyfikacja-wizualna-agencja-graficzna-yos-poznan-food-days-768x768.png\",\r\n            \"_512\": \"\/wp-content\/uploads\/2023\/07\/identyfikacja-wizualna-agencja-graficzna-yos-poznan-food-days-512x512.png\",\r\n            \"_265\": \"\/wp-content\/uploads\/2023\/07\/identyfikacja-wizualna-agencja-graficzna-yos-poznan-food-days-265x265.png\"\r\n          },\r\n          \"w\": 1080,\r\n          \"h\": 1080,\r\n          \"ar\": 1,\r\n          \"alt\": \"\"\r\n        },\r\n        {\r\n          \"type\": \"img\",\r\n          \"attid\": 6254,\r\n          \"cont\": \"\/wp-content\/uploads\/2023\/07\/pattern-food-days-identyfikacja-wizualna-yos-studio-poznan.png\",\r\n          \"sizes\": {\r\n            \"full\": \"\/wp-content\/uploads\/2023\/07\/pattern-food-days-identyfikacja-wizualna-yos-studio-poznan.png\",\r\n            \"_1024\": \"\/wp-content\/uploads\/2023\/07\/pattern-food-days-identyfikacja-wizualna-yos-studio-poznan-1024x1024.png\",\r\n            \"_768\": \"\/wp-content\/uploads\/2023\/07\/pattern-food-days-identyfikacja-wizualna-yos-studio-poznan-768x768.png\",\r\n            \"_512\": \"\/wp-content\/uploads\/2023\/07\/pattern-food-days-identyfikacja-wizualna-yos-studio-poznan-512x512.png\",\r\n            \"_265\": \"\/wp-content\/uploads\/2023\/07\/pattern-food-days-identyfikacja-wizualna-yos-studio-poznan-265x265.png\"\r\n          },\r\n          \"w\": 1080,\r\n          \"h\": 1080,\r\n          \"ar\": 1,\r\n          \"alt\": \"\"\r\n        },\r\n        {\r\n          \"type\": \"img\",\r\n          \"attid\": 6252,\r\n          \"cont\": \"\/wp-content\/uploads\/2023\/07\/food-days-projekt-ulotka-yos-studio-poznan.png\",\r\n          \"sizes\": {\r\n            \"full\": \"\/wp-content\/uploads\/2023\/07\/food-days-projekt-ulotka-yos-studio-poznan.png\",\r\n            \"_1024\": \"\/wp-content\/uploads\/2023\/07\/food-days-projekt-ulotka-yos-studio-poznan-1024x1024.png\",\r\n            \"_768\": \"\/wp-content\/uploads\/2023\/07\/food-days-projekt-ulotka-yos-studio-poznan-768x768.png\",\r\n            \"_512\": \"\/wp-content\/uploads\/2023\/07\/food-days-projekt-ulotka-yos-studio-poznan-512x512.png\",\r\n            \"_265\": \"\/wp-content\/uploads\/2023\/07\/food-days-projekt-ulotka-yos-studio-poznan-265x265.png\"\r\n          },\r\n          \"w\": 1080,\r\n          \"h\": 1080,\r\n          \"ar\": 1,\r\n          \"alt\": \"\"\r\n        },\r\n        {\r\n          \"type\": \"img\",\r\n          \"attid\": 6255,\r\n          \"cont\": \"\/wp-content\/uploads\/2023\/07\/projekt-identyfikacji-wizualnej-food-days-agencja-graficzna-yos.png\",\r\n          \"sizes\": {\r\n            \"full\": \"\/wp-content\/uploads\/2023\/07\/projekt-identyfikacji-wizualnej-food-days-agencja-graficzna-yos.png\",\r\n            \"_1024\": \"\/wp-content\/uploads\/2023\/07\/projekt-identyfikacji-wizualnej-food-days-agencja-graficzna-yos-1024x1024.png\",\r\n            \"_768\": \"\/wp-content\/uploads\/2023\/07\/projekt-identyfikacji-wizualnej-food-days-agencja-graficzna-yos-768x768.png\",\r\n            \"_512\": \"\/wp-content\/uploads\/2023\/07\/projekt-identyfikacji-wizualnej-food-days-agencja-graficzna-yos-512x512.png\",\r\n            \"_265\": \"\/wp-content\/uploads\/2023\/07\/projekt-identyfikacji-wizualnej-food-days-agencja-graficzna-yos-265x265.png\"\r\n          },\r\n          \"w\": 1080,\r\n          \"h\": 1080,\r\n          \"ar\": 1,\r\n          \"alt\": \"\"\r\n        },\r\n        {\r\n          \"type\": \"img\",\r\n          \"attid\": 6256,\r\n          \"cont\": \"\/wp-content\/uploads\/2023\/07\/system-identyfikacji-wizualnej-yos-studio-projekt-food-days.png\",\r\n          \"sizes\": {\r\n            \"full\": \"\/wp-content\/uploads\/2023\/07\/system-identyfikacji-wizualnej-yos-studio-projekt-food-days.png\",\r\n            \"_1024\": \"\/wp-content\/uploads\/2023\/07\/system-identyfikacji-wizualnej-yos-studio-projekt-food-days-1024x1024.png\",\r\n            \"_768\": \"\/wp-content\/uploads\/2023\/07\/system-identyfikacji-wizualnej-yos-studio-projekt-food-days-768x768.png\",\r\n            \"_512\": \"\/wp-content\/uploads\/2023\/07\/system-identyfikacji-wizualnej-yos-studio-projekt-food-days-512x512.png\",\r\n            \"_265\": \"\/wp-content\/uploads\/2023\/07\/system-identyfikacji-wizualnej-yos-studio-projekt-food-days-265x265.png\"\r\n          },\r\n          \"w\": 1080,\r\n          \"h\": 1080,\r\n          \"ar\": 1,\r\n          \"alt\": \"\"\r\n        }\r\n      ],\r\n      \"absolute_position\": false,\r\n      \"frameOverflow\": \"\"\r\n    },\r\n    {\r\n      \"type\": \"text\",\r\n      \"cont\": \"<h2 class=\\\"_h2_namu\\\" style=\\\"text-align: center;\\\">POZNA\u0143 FOOD DAYS<\/h2><div title=\\\"Page 5\\\"><div title=\\\"Page 5\\\"><p class=\\\"_tekstowy\\\" style=\\\"text-align: center;\\\">The visual identity for Pozna\u0144 Food Days, commissioned by the Pozna\u0144 City Hall, turned out to be one of the most pleasing creations. We abandoned the use of typical food photographs, replacing them with abstract icons. These minimalist forms alluding to the richness of flavors of cuisines from all over the world, perfectly filled the numerous marketing materials (posters, flyers, programmes, T-shirts, bags) that almost flooded the city.<\/p><\/div><\/div><p style=\\\"text-align: center;\\\">\u00a0<\/p><p class=\\\"_Text\\\" style=\\\"text-align: center;\\\"><span style=\\\"font-family: ApercuPro-Regular_0; font-size: 16px;\\\"><span style=\\\"font-weight: 400;\\\"> <a class=\\\"multiple-gradient\\\" href=\\\"https:\/\/www.yos-studio.com\/food\/\\\" data-type=\\\"project\\\" data-id=\\\"86\\\" data-title=\\\"Pozna\u0144 Food Days\\\" data-catid=\\\"[5]\\\">Check the project<\/a><br \/><br \/><\/span><\/span><\/p>\",\r\n      \"align\": \"onethird\",\r\n      \"row\": 14,\r\n      \"col\": 1,\r\n      \"colspan\": 10,\r\n      \"offsetx\": 0,\r\n      \"offsety\": 0,\r\n      \"spaceabove\": 0,\r\n      \"spacebelow\": 0,\r\n      \"yvel\": 1,\r\n      \"push\": 1,\r\n      \"relid\": 57,\r\n      \"absolute_position\": false,\r\n      \"frameOverflow\": \"\",\r\n      \"dosync\": false\r\n    },\r\n    {\r\n      \"type\": \"text\",\r\n      \"cont\": \"<h2 class=\\\"_h2_namu\\\" style=\\\"text-align: center;\\\">PIAST SURVIVAL. MAN AND FOREST 1000 YEARS AGO<\/h2><div title=\\\"Page 5\\\"><div title=\\\"Page 5\\\"><p class=\\\"_tekstowy\\\" style=\\\"text-align: center;\\\">The graphic design for the museum event 'Piast survival. Man and forest 1000 years ago\\\" we created for the Museum of the Origins of the Polish State in Gniezno. Our design was consistent with the client's visual identity and interpreted the theme of the exhibition in a modern way. We decided to combine green colors, simple object icons and forest photographs. We produced graphics for social media, online advertisements, promotional prints and arrangements.<\/p><\/div><\/div>\",\r\n      \"align\": \"onethird\",\r\n      \"row\": 16,\r\n      \"col\": 1,\r\n      \"colspan\": 10,\r\n      \"offsetx\": 0,\r\n      \"offsety\": 0,\r\n      \"spaceabove\": 0,\r\n      \"spacebelow\": 0,\r\n      \"yvel\": 1,\r\n      \"push\": 1,\r\n      \"relid\": 59,\r\n      \"absolute_position\": false,\r\n      \"frameOverflow\": \"\",\r\n      \"dosync\": false\r\n    },\r\n    {\r\n      \"type\": \"carousel\",\r\n      \"cont\": \"\",\r\n      \"align\": \"middle\",\r\n      \"row\": 17,\r\n      \"col\": 0,\r\n      \"colspan\": 12,\r\n      \"offsetx\": 0,\r\n      \"offsety\": 0,\r\n      \"spaceabove\": 0,\r\n      \"spacebelow\": 0,\r\n      \"yvel\": 1,\r\n      \"push\": 0,\r\n      \"relid\": 56,\r\n      \"carousel_options\": {\r\n        \"random\": false,\r\n        \"autoplay\": false,\r\n        \"showMultipleSlides\": false,\r\n        \"freeScroll\": false,\r\n        \"mousewheelScroll\": false,\r\n        \"size\": \"aspectRatioOfFirstElement\",\r\n        \"slidesWidth\": \"null\",\r\n        \"transition\": \"fading\",\r\n        \"loop\": \"1\",\r\n        \"spaceBetween\": 0,\r\n        \"captionsUnderSlides\": false,\r\n        \"autoplaySpeed\": 3000,\r\n        \"autoplayDelay\": 0,\r\n        \"transitionSpeed\": 300\r\n      },\r\n      \"carousel\": [\r\n        {\r\n          \"type\": \"img\",\r\n          \"attid\": 6267,\r\n          \"cont\": \"\/wp-content\/uploads\/2023\/07\/projekt-identyfikacji-wizualnej-agencja-graficzna-yos-poznan-garbage.png\",\r\n          \"sizes\": {\r\n            \"full\": \"\/wp-content\/uploads\/2023\/07\/projekt-identyfikacji-wizualnej-agencja-graficzna-yos-poznan-garbage.png\",\r\n            \"_1024\": \"\/wp-content\/uploads\/2023\/07\/projekt-identyfikacji-wizualnej-agencja-graficzna-yos-poznan-garbage-1024x1024.png\",\r\n            \"_768\": \"\/wp-content\/uploads\/2023\/07\/projekt-identyfikacji-wizualnej-agencja-graficzna-yos-poznan-garbage-768x768.png\",\r\n            \"_512\": \"\/wp-content\/uploads\/2023\/07\/projekt-identyfikacji-wizualnej-agencja-graficzna-yos-poznan-garbage-512x512.png\",\r\n            \"_265\": \"\/wp-content\/uploads\/2023\/07\/projekt-identyfikacji-wizualnej-agencja-graficzna-yos-poznan-garbage-265x265.png\"\r\n          },\r\n          \"w\": 1080,\r\n          \"h\": 1080,\r\n          \"ar\": 1,\r\n          \"alt\": \"\"\r\n        },\r\n        {\r\n          \"type\": \"img\",\r\n          \"attid\": 6266,\r\n          \"cont\": \"\/wp-content\/uploads\/2023\/07\/motyw-do-identyfikacji-wizualnej-wystawy-garbage-yos-studio.png\",\r\n          \"sizes\": {\r\n            \"full\": \"\/wp-content\/uploads\/2023\/07\/motyw-do-identyfikacji-wizualnej-wystawy-garbage-yos-studio.png\",\r\n            \"_1024\": \"\/wp-content\/uploads\/2023\/07\/motyw-do-identyfikacji-wizualnej-wystawy-garbage-yos-studio-1024x1024.png\",\r\n            \"_768\": \"\/wp-content\/uploads\/2023\/07\/motyw-do-identyfikacji-wizualnej-wystawy-garbage-yos-studio-768x768.png\",\r\n            \"_512\": \"\/wp-content\/uploads\/2023\/07\/motyw-do-identyfikacji-wizualnej-wystawy-garbage-yos-studio-512x512.png\",\r\n            \"_265\": \"\/wp-content\/uploads\/2023\/07\/motyw-do-identyfikacji-wizualnej-wystawy-garbage-yos-studio-265x265.png\"\r\n          },\r\n          \"w\": 1080,\r\n          \"h\": 1080,\r\n          \"ar\": 1,\r\n          \"alt\": \"\"\r\n        },\r\n        {\r\n          \"type\": \"img\",\r\n          \"attid\": 6265,\r\n          \"cont\": \"\/wp-content\/uploads\/2023\/07\/ikony-do-identyfikacji-wizualnej-wystawy-garbage-yos-poznan.png\",\r\n          \"sizes\": {\r\n            \"full\": \"\/wp-content\/uploads\/2023\/07\/ikony-do-identyfikacji-wizualnej-wystawy-garbage-yos-poznan.png\",\r\n            \"_1024\": \"\/wp-content\/uploads\/2023\/07\/ikony-do-identyfikacji-wizualnej-wystawy-garbage-yos-poznan-1024x1024.png\",\r\n            \"_768\": \"\/wp-content\/uploads\/2023\/07\/ikony-do-identyfikacji-wizualnej-wystawy-garbage-yos-poznan-768x768.png\",\r\n            \"_512\": \"\/wp-content\/uploads\/2023\/07\/ikony-do-identyfikacji-wizualnej-wystawy-garbage-yos-poznan-512x512.png\",\r\n            \"_265\": \"\/wp-content\/uploads\/2023\/07\/ikony-do-identyfikacji-wizualnej-wystawy-garbage-yos-poznan-265x265.png\"\r\n          },\r\n          \"w\": 1080,\r\n          \"h\": 1080,\r\n          \"ar\": 1,\r\n          \"alt\": \"\"\r\n        },\r\n        {\r\n          \"type\": \"img\",\r\n          \"attid\": 6268,\r\n          \"cont\": \"\/wp-content\/uploads\/2023\/07\/projekt-plakatu-agencja-graficzna-yos-wystawa-garbage.png\",\r\n          \"sizes\": {\r\n            \"full\": \"\/wp-content\/uploads\/2023\/07\/projekt-plakatu-agencja-graficzna-yos-wystawa-garbage.png\",\r\n            \"_1024\": \"\/wp-content\/uploads\/2023\/07\/projekt-plakatu-agencja-graficzna-yos-wystawa-garbage-1024x1024.png\",\r\n            \"_768\": \"\/wp-content\/uploads\/2023\/07\/projekt-plakatu-agencja-graficzna-yos-wystawa-garbage-768x768.png\",\r\n            \"_512\": \"\/wp-content\/uploads\/2023\/07\/projekt-plakatu-agencja-graficzna-yos-wystawa-garbage-512x512.png\",\r\n            \"_265\": \"\/wp-content\/uploads\/2023\/07\/projekt-plakatu-agencja-graficzna-yos-wystawa-garbage-265x265.png\"\r\n          },\r\n          \"w\": 1080,\r\n          \"h\": 1080,\r\n          \"ar\": 1,\r\n          \"alt\": \"\"\r\n        },\r\n        {\r\n          \"type\": \"img\",\r\n          \"attid\": 6269,\r\n          \"cont\": \"\/wp-content\/uploads\/2023\/07\/system-identyfikacji-wizualnej-wystawy-yos-studio-poznan-garbage.png\",\r\n          \"sizes\": {\r\n            \"full\": \"\/wp-content\/uploads\/2023\/07\/system-identyfikacji-wizualnej-wystawy-yos-studio-poznan-garbage.png\",\r\n            \"_1024\": \"\/wp-content\/uploads\/2023\/07\/system-identyfikacji-wizualnej-wystawy-yos-studio-poznan-garbage-1024x1024.png\",\r\n            \"_768\": \"\/wp-content\/uploads\/2023\/07\/system-identyfikacji-wizualnej-wystawy-yos-studio-poznan-garbage-768x768.png\",\r\n            \"_512\": \"\/wp-content\/uploads\/2023\/07\/system-identyfikacji-wizualnej-wystawy-yos-studio-poznan-garbage-512x512.png\",\r\n            \"_265\": \"\/wp-content\/uploads\/2023\/07\/system-identyfikacji-wizualnej-wystawy-yos-studio-poznan-garbage-265x265.png\"\r\n          },\r\n          \"w\": 1080,\r\n          \"h\": 1080,\r\n          \"ar\": 1,\r\n          \"alt\": \"\"\r\n        }\r\n      ],\r\n      \"absolute_position\": false,\r\n      \"frameOverflow\": \"\"\r\n    },\r\n    {\r\n      \"type\": \"text\",\r\n      \"cont\": \"<h2 class=\\\"_h2_namu\\\" style=\\\"text-align: center;\\\">LET'S TALK ABOUT GARBAGE<\/h2><div title=\\\"Page 5\\\"><div title=\\\"Page 5\\\"><p class=\\\"_tekstowy\\\" style=\\\"text-align: center;\\\">We realized the visual identity of the international exhibition 'Let's talk about garbage' presented at the 2016 Venice Architecture Biennale. The scope of work included the stylistic development of the exhibition's typography (lettering, timeline, infographics), which was subordinated to the design of the promotional materials (posters, flyers, publications, artistic postcards). Our creation perfectly conveyed the idea of the exhibition, which is why it was decided to use it for future editions of the project.<\/p><\/div><\/div><p style=\\\"text-align: center;\\\">\u00a0<\/p><p class=\\\"_Text\\\" style=\\\"text-align: center;\\\"><span style=\\\"font-family: ApercuPro-Regular_0; font-size: 16px;\\\"><span style=\\\"font-weight: 400;\\\"> <a class=\\\"multiple-gradient\\\" href=\\\"https:\/\/www.yos-studio.com\/garbage\/\\\" data-type=\\\"project\\\" data-id=\\\"1604\\\" data-title=\\\"Let's Talk About Garbage\\\" data-catid=\\\"[5]\\\">See the project<\/a><br \/><br \/><\/span><\/span><\/p>\",\r\n      \"align\": \"top\",\r\n      \"row\": 18,\r\n      \"col\": 1,\r\n      \"colspan\": 10,\r\n      \"offsetx\": 0,\r\n      \"offsety\": 0,\r\n      \"spaceabove\": 0,\r\n      \"spacebelow\": 0,\r\n      \"yvel\": 1,\r\n      \"push\": 1,\r\n      \"relid\": 1354,\r\n      \"absolute_position\": false,\r\n      \"frameOverflow\": \"\",\r\n      \"dosync\": false\r\n    },\r\n    {\r\n      \"type\": \"stack\",\r\n      \"cont\": [\r\n        {\r\n          \"type\": \"text\",\r\n          \"cont\": \"<p style=\\\"text-align: center; line-height: 0.8;\\\"><span style=\\\"font-family: FONT-YOS-SOCIAL; font-size: 60px;\\\">Looking for support in branding your event?<\/span><\/p>\",\r\n          \"align\": \"top\",\r\n          \"row\": -1,\r\n          \"col\": 1,\r\n          \"colspan\": 10,\r\n          \"offsetx\": 0,\r\n          \"offsety\": 0,\r\n          \"spaceabove\": 0,\r\n          \"spacebelow\": 0,\r\n          \"yvel\": 1,\r\n          \"push\": 1,\r\n          \"relid\": 82,\r\n          \"absolute_position\": false\r\n        },\r\n        {\r\n          \"type\": \"text\",\r\n          \"cont\": \"<p style=\\\"text-align: center;\\\"><span style=\\\"font-family: ApercuPro-Regular_0; font-size: 22px;\\\">We create cohesive and eye-catching branding that highlights the unique character of your event.<\/span><\/p>\",\r\n          \"align\": \"middle\",\r\n          \"row\": -1,\r\n          \"col\": 1,\r\n          \"colspan\": 10,\r\n          \"offsetx\": 0,\r\n          \"offsety\": 0,\r\n          \"spaceabove\": 3,\r\n          \"spacebelow\": \"7\",\r\n          \"yvel\": 1,\r\n          \"push\": 1,\r\n          \"relid\": 83,\r\n          \"absolute_position\": false\r\n        },\r\n        {\r\n          \"type\": \"text\",\r\n          \"cont\": \"<p style=\\\"text-align: center;\\\"><span style=\\\"font-family: ApercuPro-Regular_0;\\\"><span style=\\\"font-size: 22px;\\\"> Let's talk:<\/span> <br \/><\/span> <span style=\\\"font-size: 60px;\\\"><a style=\\\"font-family: FONT-YOS-SOCIAL; text-decoration: none;\\\" href=\\\"tel:+48512715114\\\"> +48 512 715 114 <\/a><\/span> <br \/><br \/><\/p><p style=\\\"text-align: center;\\\"><span style=\\\"font-size: 26px; font-family: ApercuPro-Regular_0;\\\"><span style=\\\"font-size: 22px;\\\"> Send a brief to<\/span> <br \/><span style=\\\"font-size: 60px;\\\"><a style=\\\"font-family: FONT-YOS-SOCIAL; text-decoration: none;\\\" href=\\\"mailto:Biuro@yos-studio.com\\\"> Biuro@yos-studio.com <\/a><\/span> <br \/><\/span><\/p>\",\r\n          \"align\": \"bottom\",\r\n          \"row\": -1,\r\n          \"col\": 0,\r\n          \"colspan\": 12,\r\n          \"offsetx\": 0,\r\n          \"offsety\": 0,\r\n          \"spaceabove\": 0,\r\n          \"spacebelow\": 3,\r\n          \"yvel\": 1,\r\n          \"push\": 0,\r\n          \"relid\": 84,\r\n          \"absolute_position\": false\r\n        },\r\n        {\r\n          \"type\": \"text\",\r\n          \"cont\": \"<p style=\\\"text-align: center;\\\"><a style=\\\"text-decoration: none;\\\" href=\\\"\/brief\/\\\"><span style=\\\"font-family: NAMU-1990;\\\">Send brief ID<\/span><\/a><\/p>\",\r\n          \"align\": \"bottom\",\r\n          \"row\": -1,\r\n          \"col\": 2,\r\n          \"colspan\": 8,\r\n          \"offsetx\": 0,\r\n          \"offsety\": 0,\r\n          \"spaceabove\": 0,\r\n          \"spacebelow\": 0,\r\n          \"yvel\": 1,\r\n          \"push\": 2,\r\n          \"relid\": 85,\r\n          \"classes\": \"primary-btn\",\r\n          \"absolute_position\": false\r\n        }\r\n      ],\r\n      \"align\": \"top\",\r\n      \"row\": 19,\r\n      \"col\": 0,\r\n      \"colspan\": 12,\r\n      \"offsetx\": 0,\r\n      \"offsety\": 0,\r\n      \"spaceabove\": \"10\",\r\n      \"spacebelow\": \"10\",\r\n      \"yvel\": 1,\r\n      \"push\": 0,\r\n      \"relid\": 81,\r\n      \"absolute_position\": false,\r\n      \"frameOverflow\": \"\"\r\n    },\r\n    {\r\n      \"type\": \"text\",\r\n      \"cont\": \"<p class=\\\"_Text\\\" style=\\\"text-align: center; line-height: 1;\\\"><span style=\\\"letter-spacing: 0.03em; font-size: 23px; font-family: ApercuPro-Light_0;\\\">See our projects:<\/span><\/p>\",\r\n      \"align\": \"top\",\r\n      \"row\": 20,\r\n      \"col\": 0,\r\n      \"colspan\": 12,\r\n      \"offsetx\": 0,\r\n      \"offsety\": 0,\r\n      \"spaceabove\": \"5\",\r\n      \"spacebelow\": \"5\",\r\n      \"yvel\": 1,\r\n      \"push\": 0,\r\n      \"relid\": 8,\r\n      \"absolute_position\": false,\r\n      \"frameOverflow\": \"\"\r\n    },\r\n    {\r\n      \"type\": \"postThumbnail\",\r\n      \"cont\": \"\/wp-content\/uploads\/2022\/03\/projekt-logo-poznan-milosc-restaurcja-identyfikacja-wizualna-okladka.png\",\r\n      \"align\": \"bottom\",\r\n      \"row\": 21,\r\n      \"col\": 0,\r\n      \"colspan\": 12,\r\n      \"offsetx\": 0,\r\n      \"offsety\": 0,\r\n      \"spaceabove\": 0,\r\n      \"spacebelow\": 0,\r\n      \"yvel\": 1,\r\n      \"push\": 0,\r\n      \"relid\": 37,\r\n      \"title\": \"Mi\u0142o\u015b\u0107\",\r\n      \"postid\": 1616,\r\n      \"descr\": \"\",\r\n      \"link\": \"\/milosc\/\",\r\n      \"attid\": 5034,\r\n      \"ar\": 0.749498997995992,\r\n      \"sizes\": {\r\n        \"_265\": \"\/wp-content\/uploads\/2022\/03\/projekt-logo-poznan-milosc-restaurcja-identyfikacja-wizualna-okladka-265x199.png\",\r\n        \"_512\": \"\/wp-content\/uploads\/2022\/03\/projekt-logo-poznan-milosc-restaurcja-identyfikacja-wizualna-okladka.png\",\r\n        \"_768\": \"\/wp-content\/uploads\/2022\/03\/projekt-logo-poznan-milosc-restaurcja-identyfikacja-wizualna-okladka.png\",\r\n        \"_1024\": \"\/wp-content\/uploads\/2022\/03\/projekt-logo-poznan-milosc-restaurcja-identyfikacja-wizualna-okladka.png\",\r\n        \"_1280\": \"\/wp-content\/uploads\/2022\/03\/projekt-logo-poznan-milosc-restaurcja-identyfikacja-wizualna-okladka.png\",\r\n        \"_1920\": \"\/wp-content\/uploads\/2022\/03\/projekt-logo-poznan-milosc-restaurcja-identyfikacja-wizualna-okladka.png\",\r\n        \"_2560\": \"\/wp-content\/uploads\/2022\/03\/projekt-logo-poznan-milosc-restaurcja-identyfikacja-wizualna-okladka.png\",\r\n        \"_3200\": \"\/wp-content\/uploads\/2022\/03\/projekt-logo-poznan-milosc-restaurcja-identyfikacja-wizualna-okladka.png\",\r\n        \"_3840\": \"\/wp-content\/uploads\/2022\/03\/projekt-logo-poznan-milosc-restaurcja-identyfikacja-wizualna-okladka.png\",\r\n        \"_4096\": \"\/wp-content\/uploads\/2022\/03\/projekt-logo-poznan-milosc-restaurcja-identyfikacja-wizualna-okladka.png\",\r\n        \"full\": \"\/wp-content\/uploads\/2022\/03\/projekt-logo-poznan-milosc-restaurcja-identyfikacja-wizualna-okladka.png\"\r\n      },\r\n      \"mo_sizes\": {\r\n        \"_265\": \"\/wp-content\/uploads\/2022\/03\/projekt-witryny-poznan-milosc-restaurcja-identyfikacja-wizualna-okladka-2-265x199.jpg\",\r\n        \"_512\": \"\/wp-content\/uploads\/2022\/03\/projekt-witryny-poznan-milosc-restaurcja-identyfikacja-wizualna-okladka-2.jpg\",\r\n        \"_768\": \"\/wp-content\/uploads\/2022\/03\/projekt-witryny-poznan-milosc-restaurcja-identyfikacja-wizualna-okladka-2.jpg\",\r\n        \"_1024\": \"\/wp-content\/uploads\/2022\/03\/projekt-witryny-poznan-milosc-restaurcja-identyfikacja-wizualna-okladka-2.jpg\",\r\n        \"_1280\": \"\/wp-content\/uploads\/2022\/03\/projekt-witryny-poznan-milosc-restaurcja-identyfikacja-wizualna-okladka-2.jpg\",\r\n        \"_1920\": \"\/wp-content\/uploads\/2022\/03\/projekt-witryny-poznan-milosc-restaurcja-identyfikacja-wizualna-okladka-2.jpg\",\r\n        \"_2560\": \"\/wp-content\/uploads\/2022\/03\/projekt-witryny-poznan-milosc-restaurcja-identyfikacja-wizualna-okladka-2.jpg\",\r\n        \"_3200\": \"\/wp-content\/uploads\/2022\/03\/projekt-witryny-poznan-milosc-restaurcja-identyfikacja-wizualna-okladka-2.jpg\",\r\n        \"_3840\": \"\/wp-content\/uploads\/2022\/03\/projekt-witryny-poznan-milosc-restaurcja-identyfikacja-wizualna-okladka-2.jpg\",\r\n        \"_4096\": \"\/wp-content\/uploads\/2022\/03\/projekt-witryny-poznan-milosc-restaurcja-identyfikacja-wizualna-okladka-2.jpg\",\r\n        \"full\": \"\/wp-content\/uploads\/2022\/03\/projekt-witryny-poznan-milosc-restaurcja-identyfikacja-wizualna-okladka-2.jpg\"\r\n      },\r\n      \"mo_h\": 374,\r\n      \"mo_w\": 499,\r\n      \"video_url\": \"\",\r\n      \"video_w\": 0,\r\n      \"video_h\": 0,\r\n      \"frameOverflow\": \"\",\r\n      \"mo_attid\": \"5009\",\r\n      \"tags\": [],\r\n      \"dosync\": false,\r\n      \"absolute_position\": false,\r\n      \"w\": 499,\r\n      \"h\": 374\r\n    },\r\n    {\r\n      \"type\": \"postThumbnail\",\r\n      \"cont\": \"\/wp-content\/uploads\/2022\/03\/identyfikacja-wizualna-logo-branding-poznan-okladka.png\",\r\n      \"align\": \"bottom\",\r\n      \"row\": 22,\r\n      \"col\": 0,\r\n      \"colspan\": 12,\r\n      \"offsetx\": 0,\r\n      \"offsety\": 0,\r\n      \"spaceabove\": 0,\r\n      \"spacebelow\": 0,\r\n      \"yvel\": 1,\r\n      \"push\": 0,\r\n      \"relid\": 1999,\r\n      \"title\": \"Visual Identity\",\r\n      \"postid\": 3723,\r\n      \"descr\": \"\",\r\n      \"link\": \"\/identyfikacja-wizualna\/\",\r\n      \"attid\": 5015,\r\n      \"ar\": 0.7587628865979381,\r\n      \"sizes\": {\r\n        \"_265\": \"\/wp-content\/uploads\/2022\/03\/identyfikacja-wizualna-logo-branding-poznan-okladka-265x201.png\",\r\n        \"_512\": \"\/wp-content\/uploads\/2022\/03\/identyfikacja-wizualna-logo-branding-poznan-okladka.png\",\r\n        \"_768\": \"\/wp-content\/uploads\/2022\/03\/identyfikacja-wizualna-logo-branding-poznan-okladka.png\",\r\n        \"_1024\": \"\/wp-content\/uploads\/2022\/03\/identyfikacja-wizualna-logo-branding-poznan-okladka.png\",\r\n        \"_1280\": \"\/wp-content\/uploads\/2022\/03\/identyfikacja-wizualna-logo-branding-poznan-okladka.png\",\r\n        \"_1920\": \"\/wp-content\/uploads\/2022\/03\/identyfikacja-wizualna-logo-branding-poznan-okladka.png\",\r\n        \"_2560\": \"\/wp-content\/uploads\/2022\/03\/identyfikacja-wizualna-logo-branding-poznan-okladka.png\",\r\n        \"_3200\": \"\/wp-content\/uploads\/2022\/03\/identyfikacja-wizualna-logo-branding-poznan-okladka.png\",\r\n        \"_3840\": \"\/wp-content\/uploads\/2022\/03\/identyfikacja-wizualna-logo-branding-poznan-okladka.png\",\r\n        \"_4096\": \"\/wp-content\/uploads\/2022\/03\/identyfikacja-wizualna-logo-branding-poznan-okladka.png\",\r\n        \"full\": \"\/wp-content\/uploads\/2022\/03\/identyfikacja-wizualna-logo-branding-poznan-okladka.png\"\r\n      },\r\n      \"mo_sizes\": {\r\n        \"_265\": \"\/wp-content\/uploads\/2021\/12\/identyfikacja-wizualna-poznan-agencja-reklamowa-studio-graficzne-branding-okladka-265x199.png\",\r\n        \"_512\": \"\/wp-content\/uploads\/2021\/12\/identyfikacja-wizualna-poznan-agencja-reklamowa-studio-graficzne-branding-okladka.png\",\r\n        \"_768\": \"\/wp-content\/uploads\/2021\/12\/identyfikacja-wizualna-poznan-agencja-reklamowa-studio-graficzne-branding-okladka.png\",\r\n        \"_1024\": \"\/wp-content\/uploads\/2021\/12\/identyfikacja-wizualna-poznan-agencja-reklamowa-studio-graficzne-branding-okladka.png\",\r\n        \"_1280\": \"\/wp-content\/uploads\/2021\/12\/identyfikacja-wizualna-poznan-agencja-reklamowa-studio-graficzne-branding-okladka.png\",\r\n        \"_1920\": \"\/wp-content\/uploads\/2021\/12\/identyfikacja-wizualna-poznan-agencja-reklamowa-studio-graficzne-branding-okladka.png\",\r\n        \"_2560\": \"\/wp-content\/uploads\/2021\/12\/identyfikacja-wizualna-poznan-agencja-reklamowa-studio-graficzne-branding-okladka.png\",\r\n        \"_3200\": \"\/wp-content\/uploads\/2021\/12\/identyfikacja-wizualna-poznan-agencja-reklamowa-studio-graficzne-branding-okladka.png\",\r\n        \"_3840\": \"\/wp-content\/uploads\/2021\/12\/identyfikacja-wizualna-poznan-agencja-reklamowa-studio-graficzne-branding-okladka.png\",\r\n        \"_4096\": \"\/wp-content\/uploads\/2021\/12\/identyfikacja-wizualna-poznan-agencja-reklamowa-studio-graficzne-branding-okladka.png\",\r\n        \"full\": \"\/wp-content\/uploads\/2021\/12\/identyfikacja-wizualna-poznan-agencja-reklamowa-studio-graficzne-branding-okladka.png\"\r\n      },\r\n      \"mo_h\": 375,\r\n      \"mo_w\": 500,\r\n      \"video_url\": \"\",\r\n      \"video_w\": 0,\r\n      \"video_h\": 0,\r\n      \"mo_attid\": \"5041\",\r\n      \"frameOverflow\": \"\",\r\n      \"tags\": [],\r\n      \"dosync\": false,\r\n      \"w\": 485,\r\n      \"h\": 368,\r\n      \"absolute_position\": false\r\n    },\r\n    {\r\n      \"type\": \"postThumbnail\",\r\n      \"cont\": \"\/wp-content\/uploads\/2022\/03\/projekt-witryny-poznan-okraglak-okladka-2.jpg\",\r\n      \"align\": \"bottom\",\r\n      \"row\": 23,\r\n      \"col\": 0,\r\n      \"colspan\": 12,\r\n      \"offsetx\": 0,\r\n      \"offsety\": 0,\r\n      \"spaceabove\": 0,\r\n      \"spacebelow\": 0,\r\n      \"yvel\": 1,\r\n      \"push\": 0,\r\n      \"relid\": 25,\r\n      \"title\": \"Okr\u0105glak - large format advertising illustration - outdoor\",\r\n      \"postid\": 3296,\r\n      \"descr\": \"\",\r\n      \"link\": \"\/okraglak\/\",\r\n      \"attid\": 5010,\r\n      \"ar\": 0.749498997995992,\r\n      \"sizes\": {\r\n        \"_265\": \"\/wp-content\/uploads\/2022\/03\/projekt-witryny-poznan-okraglak-okladka-2-265x199.jpg\",\r\n        \"_512\": \"\/wp-content\/uploads\/2022\/03\/projekt-witryny-poznan-okraglak-okladka-2.jpg\",\r\n        \"_768\": \"\/wp-content\/uploads\/2022\/03\/projekt-witryny-poznan-okraglak-okladka-2.jpg\",\r\n        \"_1024\": \"\/wp-content\/uploads\/2022\/03\/projekt-witryny-poznan-okraglak-okladka-2.jpg\",\r\n        \"_1280\": \"\/wp-content\/uploads\/2022\/03\/projekt-witryny-poznan-okraglak-okladka-2.jpg\",\r\n        \"_1920\": \"\/wp-content\/uploads\/2022\/03\/projekt-witryny-poznan-okraglak-okladka-2.jpg\",\r\n        \"_2560\": \"\/wp-content\/uploads\/2022\/03\/projekt-witryny-poznan-okraglak-okladka-2.jpg\",\r\n        \"_3200\": \"\/wp-content\/uploads\/2022\/03\/projekt-witryny-poznan-okraglak-okladka-2.jpg\",\r\n        \"_3840\": \"\/wp-content\/uploads\/2022\/03\/projekt-witryny-poznan-okraglak-okladka-2.jpg\",\r\n        \"_4096\": \"\/wp-content\/uploads\/2022\/03\/projekt-witryny-poznan-okraglak-okladka-2.jpg\",\r\n        \"full\": \"\/wp-content\/uploads\/2022\/03\/projekt-witryny-poznan-okraglak-okladka-2.jpg\"\r\n      },\r\n      \"mo_sizes\": {\r\n        \"_265\": \"\/wp-content\/uploads\/2022\/03\/projekt-witryny-poznan-okraglak-okladka-265x199.gif\",\r\n        \"_512\": \"\/wp-content\/uploads\/2022\/03\/projekt-witryny-poznan-okraglak-okladka-512x384.gif\",\r\n        \"_768\": \"\/wp-content\/uploads\/2022\/03\/projekt-witryny-poznan-okraglak-okladka-768x576.gif\",\r\n        \"_1024\": \"\/wp-content\/uploads\/2022\/03\/projekt-witryny-poznan-okraglak-okladka.gif\",\r\n        \"_1280\": \"\/wp-content\/uploads\/2022\/03\/projekt-witryny-poznan-okraglak-okladka.gif\",\r\n        \"_1920\": \"\/wp-content\/uploads\/2022\/03\/projekt-witryny-poznan-okraglak-okladka.gif\",\r\n        \"_2560\": \"\/wp-content\/uploads\/2022\/03\/projekt-witryny-poznan-okraglak-okladka.gif\",\r\n        \"_3200\": \"\/wp-content\/uploads\/2022\/03\/projekt-witryny-poznan-okraglak-okladka.gif\",\r\n        \"_3840\": \"\/wp-content\/uploads\/2022\/03\/projekt-witryny-poznan-okraglak-okladka.gif\",\r\n        \"_4096\": \"\/wp-content\/uploads\/2022\/03\/projekt-witryny-poznan-okraglak-okladka.gif\",\r\n        \"full\": \"\/wp-content\/uploads\/2022\/03\/projekt-witryny-poznan-okraglak-okladka.gif\"\r\n      },\r\n      \"mo_h\": 720,\r\n      \"mo_w\": 960,\r\n      \"video_url\": \"\",\r\n      \"video_w\": 0,\r\n      \"video_h\": 0,\r\n      \"frameOverflow\": \"\",\r\n      \"mo_attid\": \"4997\",\r\n      \"tags\": [],\r\n      \"dosync\": false,\r\n      \"absolute_position\": false,\r\n      \"w\": 499,\r\n      \"h\": 374\r\n    },\r\n    {\r\n      \"type\": \"postThumbnail\",\r\n      \"cont\": \"\/wp-content\/uploads\/2022\/03\/projekt-infografik-poznan-oferta-okladka.png\",\r\n      \"align\": \"bottom\",\r\n      \"row\": 24,\r\n      \"col\": 0,\r\n      \"colspan\": 12,\r\n      \"offsetx\": 0,\r\n      \"offsety\": 0,\r\n      \"spaceabove\": 0,\r\n      \"spacebelow\": 0,\r\n      \"yvel\": 1,\r\n      \"push\": 0,\r\n      \"relid\": 38,\r\n      \"title\": \"Infographics\",\r\n      \"postid\": 3561,\r\n      \"descr\": \"\",\r\n      \"link\": \"\/infografiki\/\",\r\n      \"attid\": 5032,\r\n      \"ar\": 0.7592592592592593,\r\n      \"sizes\": {\r\n        \"_265\": \"\/wp-content\/uploads\/2022\/03\/projekt-infografik-poznan-oferta-okladka-265x201.png\",\r\n        \"_512\": \"\/wp-content\/uploads\/2022\/03\/projekt-infografik-poznan-oferta-okladka.png\",\r\n        \"_768\": \"\/wp-content\/uploads\/2022\/03\/projekt-infografik-poznan-oferta-okladka.png\",\r\n        \"_1024\": \"\/wp-content\/uploads\/2022\/03\/projekt-infografik-poznan-oferta-okladka.png\",\r\n        \"_1280\": \"\/wp-content\/uploads\/2022\/03\/projekt-infografik-poznan-oferta-okladka.png\",\r\n        \"_1920\": \"\/wp-content\/uploads\/2022\/03\/projekt-infografik-poznan-oferta-okladka.png\",\r\n        \"_2560\": \"\/wp-content\/uploads\/2022\/03\/projekt-infografik-poznan-oferta-okladka.png\",\r\n        \"_3200\": \"\/wp-content\/uploads\/2022\/03\/projekt-infografik-poznan-oferta-okladka.png\",\r\n        \"_3840\": \"\/wp-content\/uploads\/2022\/03\/projekt-infografik-poznan-oferta-okladka.png\",\r\n        \"_4096\": \"\/wp-content\/uploads\/2022\/03\/projekt-infografik-poznan-oferta-okladka.png\",\r\n        \"full\": \"\/wp-content\/uploads\/2022\/03\/projekt-infografik-poznan-oferta-okladka.png\"\r\n      },\r\n      \"mo_sizes\": {\r\n        \"_265\": \"\/wp-content\/uploads\/2022\/03\/infografiki-poznan-oferta-okladka-265x201.png\",\r\n        \"_512\": \"\/wp-content\/uploads\/2022\/03\/infografiki-poznan-oferta-okladka.png\",\r\n        \"_768\": \"\/wp-content\/uploads\/2022\/03\/infografiki-poznan-oferta-okladka.png\",\r\n        \"_1024\": \"\/wp-content\/uploads\/2022\/03\/infografiki-poznan-oferta-okladka.png\",\r\n        \"_1280\": \"\/wp-content\/uploads\/2022\/03\/infografiki-poznan-oferta-okladka.png\",\r\n        \"_1920\": \"\/wp-content\/uploads\/2022\/03\/infografiki-poznan-oferta-okladka.png\",\r\n        \"_2560\": \"\/wp-content\/uploads\/2022\/03\/infografiki-poznan-oferta-okladka.png\",\r\n        \"_3200\": \"\/wp-content\/uploads\/2022\/03\/infografiki-poznan-oferta-okladka.png\",\r\n        \"_3840\": \"\/wp-content\/uploads\/2022\/03\/infografiki-poznan-oferta-okladka.png\",\r\n        \"_4096\": \"\/wp-content\/uploads\/2022\/03\/infografiki-poznan-oferta-okladka.png\",\r\n        \"full\": \"\/wp-content\/uploads\/2022\/03\/infografiki-poznan-oferta-okladka.png\"\r\n      },\r\n      \"mo_h\": 369,\r\n      \"mo_w\": 486,\r\n      \"video_url\": \"\",\r\n      \"video_w\": 0,\r\n      \"video_h\": 0,\r\n      \"frameOverflow\": \"\",\r\n      \"mo_attid\": \"5025\",\r\n      \"tags\": [],\r\n      \"dosync\": false,\r\n      \"w\": 486,\r\n      \"h\": 369,\r\n      \"absolute_position\": false\r\n    },\r\n    {\r\n      \"type\": \"postThumbnail\",\r\n      \"cont\": \"\/wp-content\/uploads\/2020\/03\/nova-na-www-okladka-38.png\",\r\n      \"align\": \"bottom\",\r\n      \"row\": 25,\r\n      \"col\": 0,\r\n      \"colspan\": 12,\r\n      \"offsetx\": 0,\r\n      \"offsety\": 0,\r\n      \"spaceabove\": 0,\r\n      \"spacebelow\": 0,\r\n      \"yvel\": 1,\r\n      \"push\": 0,\r\n      \"relid\": 36,\r\n      \"title\": \"NOVA Dentistry\",\r\n      \"postid\": 1291,\r\n      \"descr\": \"\",\r\n      \"link\": \"\/nova\/\",\r\n      \"attid\": 1874,\r\n      \"ar\": 0.7502312673450509,\r\n      \"sizes\": {\r\n        \"_265\": \"\/wp-content\/uploads\/2020\/03\/nova-na-www-okladka-38-265x199.png\",\r\n        \"_512\": \"\/wp-content\/uploads\/2020\/03\/nova-na-www-okladka-38-512x384.png\",\r\n        \"_768\": \"\/wp-content\/uploads\/2020\/03\/nova-na-www-okladka-38-768x576.png\",\r\n        \"_1024\": \"\/wp-content\/uploads\/2020\/03\/nova-na-www-okladka-38-1024x768.png\",\r\n        \"_1280\": \"\/wp-content\/uploads\/2020\/03\/nova-na-www-okladka-38.png\",\r\n        \"_1920\": \"\/wp-content\/uploads\/2020\/03\/nova-na-www-okladka-38.png\",\r\n        \"_2560\": \"\/wp-content\/uploads\/2020\/03\/nova-na-www-okladka-38.png\",\r\n        \"_3200\": \"\/wp-content\/uploads\/2020\/03\/nova-na-www-okladka-38.png\",\r\n        \"_3840\": \"\/wp-content\/uploads\/2020\/03\/nova-na-www-okladka-38.png\",\r\n        \"_4096\": \"\/wp-content\/uploads\/2020\/03\/nova-na-www-okladka-38.png\",\r\n        \"full\": \"\/wp-content\/uploads\/2020\/03\/nova-na-www-okladka-38.png\"\r\n      },\r\n      \"mo_sizes\": {\r\n        \"_265\": \"\/wp-content\/uploads\/2020\/03\/nova_elegancka_wizytowka3-265x199.jpg\",\r\n        \"_512\": \"\/wp-content\/uploads\/2020\/03\/nova_elegancka_wizytowka3-512x384.jpg\",\r\n        \"_768\": \"\/wp-content\/uploads\/2020\/03\/nova_elegancka_wizytowka3-768x576.jpg\",\r\n        \"_1024\": \"\/wp-content\/uploads\/2020\/03\/nova_elegancka_wizytowka3.jpg\",\r\n        \"_1280\": \"\/wp-content\/uploads\/2020\/03\/nova_elegancka_wizytowka3.jpg\",\r\n        \"_1920\": \"\/wp-content\/uploads\/2020\/03\/nova_elegancka_wizytowka3.jpg\",\r\n        \"_2560\": \"\/wp-content\/uploads\/2020\/03\/nova_elegancka_wizytowka3.jpg\",\r\n        \"_3200\": \"\/wp-content\/uploads\/2020\/03\/nova_elegancka_wizytowka3.jpg\",\r\n        \"_3840\": \"\/wp-content\/uploads\/2020\/03\/nova_elegancka_wizytowka3.jpg\",\r\n        \"_4096\": \"\/wp-content\/uploads\/2020\/03\/nova_elegancka_wizytowka3.jpg\",\r\n        \"full\": \"\/wp-content\/uploads\/2020\/03\/nova_elegancka_wizytowka3.jpg\"\r\n      },\r\n      \"mo_h\": 600,\r\n      \"mo_w\": 800,\r\n      \"video_url\": \"\",\r\n      \"video_w\": 0,\r\n      \"video_h\": 0,\r\n      \"frameOverflow\": \"\",\r\n      \"mo_attid\": \"3254\",\r\n      \"tags\": [],\r\n      \"dosync\": false,\r\n      \"w\": 1081,\r\n      \"h\": 811,\r\n      \"absolute_position\": false\r\n    },\r\n    {\r\n      \"type\": \"postThumbnail\",\r\n      \"cont\": \"\/wp-content\/uploads\/2022\/03\/ilustracja-reklamowa-poznan-okladka.png\",\r\n      \"align\": \"bottom\",\r\n      \"row\": 26,\r\n      \"col\": 0,\r\n      \"colspan\": 12,\r\n      \"offsetx\": 0,\r\n      \"offsety\": 0,\r\n      \"spaceabove\": 0,\r\n      \"spacebelow\": 0,\r\n      \"yvel\": 1,\r\n      \"push\": 0,\r\n      \"relid\": 399,\r\n      \"title\": \"Advertising illustrations\",\r\n      \"postid\": 3493,\r\n      \"descr\": \"\",\r\n      \"link\": \"\/ilustracje\/\",\r\n      \"attid\": 5021,\r\n      \"ar\": 0.757700205338809,\r\n      \"sizes\": {\r\n        \"_265\": \"\/wp-content\/uploads\/2022\/03\/ilustracja-reklamowa-poznan-okladka-265x201.png\",\r\n        \"_512\": \"\/wp-content\/uploads\/2022\/03\/ilustracja-reklamowa-poznan-okladka.png\",\r\n        \"_768\": \"\/wp-content\/uploads\/2022\/03\/ilustracja-reklamowa-poznan-okladka.png\",\r\n        \"_1024\": \"\/wp-content\/uploads\/2022\/03\/ilustracja-reklamowa-poznan-okladka.png\",\r\n        \"_1280\": \"\/wp-content\/uploads\/2022\/03\/ilustracja-reklamowa-poznan-okladka.png\",\r\n        \"_1920\": \"\/wp-content\/uploads\/2022\/03\/ilustracja-reklamowa-poznan-okladka.png\",\r\n        \"_2560\": \"\/wp-content\/uploads\/2022\/03\/ilustracja-reklamowa-poznan-okladka.png\",\r\n        \"_3200\": \"\/wp-content\/uploads\/2022\/03\/ilustracja-reklamowa-poznan-okladka.png\",\r\n        \"_3840\": \"\/wp-content\/uploads\/2022\/03\/ilustracja-reklamowa-poznan-okladka.png\",\r\n        \"_4096\": \"\/wp-content\/uploads\/2022\/03\/ilustracja-reklamowa-poznan-okladka.png\",\r\n        \"full\": \"\/wp-content\/uploads\/2022\/03\/ilustracja-reklamowa-poznan-okladka.png\"\r\n      },\r\n      \"mo_sizes\": {\r\n        \"_265\": \"\/wp-content\/uploads\/2022\/03\/ilustracje-reklamowe-poznan-okladka-265x201.png\",\r\n        \"_512\": \"\/wp-content\/uploads\/2022\/03\/ilustracje-reklamowe-poznan-okladka.png\",\r\n        \"_768\": \"\/wp-content\/uploads\/2022\/03\/ilustracje-reklamowe-poznan-okladka.png\",\r\n        \"_1024\": \"\/wp-content\/uploads\/2022\/03\/ilustracje-reklamowe-poznan-okladka.png\",\r\n        \"_1280\": \"\/wp-content\/uploads\/2022\/03\/ilustracje-reklamowe-poznan-okladka.png\",\r\n        \"_1920\": \"\/wp-content\/uploads\/2022\/03\/ilustracje-reklamowe-poznan-okladka.png\",\r\n        \"_2560\": \"\/wp-content\/uploads\/2022\/03\/ilustracje-reklamowe-poznan-okladka.png\",\r\n        \"_3200\": \"\/wp-content\/uploads\/2022\/03\/ilustracje-reklamowe-poznan-okladka.png\",\r\n        \"_3840\": \"\/wp-content\/uploads\/2022\/03\/ilustracje-reklamowe-poznan-okladka.png\",\r\n        \"_4096\": \"\/wp-content\/uploads\/2022\/03\/ilustracje-reklamowe-poznan-okladka.png\",\r\n        \"full\": \"\/wp-content\/uploads\/2022\/03\/ilustracje-reklamowe-poznan-okladka.png\"\r\n      },\r\n      \"mo_h\": 369,\r\n      \"mo_w\": 486,\r\n      \"video_url\": \"\",\r\n      \"video_w\": 0,\r\n      \"video_h\": 0,\r\n      \"mo_attid\": \"5023\",\r\n      \"frameOverflow\": \"\",\r\n      \"tags\": [],\r\n      \"dosync\": false,\r\n      \"absolute_position\": false,\r\n      \"w\": 487,\r\n      \"h\": 369\r\n    },\r\n    {\r\n      \"type\": \"postThumbnail\",\r\n      \"cont\": \"\/wp-content\/uploads\/2022\/03\/rebanding-opakowan-poznan-sendal-okladka.png\",\r\n      \"align\": \"bottom\",\r\n      \"row\": 27,\r\n      \"col\": 0,\r\n      \"colspan\": 12,\r\n      \"offsetx\": 0,\r\n      \"offsety\": 0,\r\n      \"spaceabove\": 0,\r\n      \"spacebelow\": 0,\r\n      \"yvel\": 1,\r\n      \"push\": 0,\r\n      \"relid\": 40,\r\n      \"title\": \"Sendal -Rebranding - illustrated packaging\",\r\n      \"postid\": 2130,\r\n      \"descr\": \"\",\r\n      \"link\": \"\/sendal\/\",\r\n      \"attid\": 5038,\r\n      \"ar\": 0.749498997995992,\r\n      \"sizes\": {\r\n        \"_265\": \"\/wp-content\/uploads\/2022\/03\/rebanding-opakowan-poznan-sendal-okladka-265x199.png\",\r\n        \"_512\": \"\/wp-content\/uploads\/2022\/03\/rebanding-opakowan-poznan-sendal-okladka.png\",\r\n        \"_768\": \"\/wp-content\/uploads\/2022\/03\/rebanding-opakowan-poznan-sendal-okladka.png\",\r\n        \"_1024\": \"\/wp-content\/uploads\/2022\/03\/rebanding-opakowan-poznan-sendal-okladka.png\",\r\n        \"_1280\": \"\/wp-content\/uploads\/2022\/03\/rebanding-opakowan-poznan-sendal-okladka.png\",\r\n        \"_1920\": \"\/wp-content\/uploads\/2022\/03\/rebanding-opakowan-poznan-sendal-okladka.png\",\r\n        \"_2560\": \"\/wp-content\/uploads\/2022\/03\/rebanding-opakowan-poznan-sendal-okladka.png\",\r\n        \"_3200\": \"\/wp-content\/uploads\/2022\/03\/rebanding-opakowan-poznan-sendal-okladka.png\",\r\n        \"_3840\": \"\/wp-content\/uploads\/2022\/03\/rebanding-opakowan-poznan-sendal-okladka.png\",\r\n        \"_4096\": \"\/wp-content\/uploads\/2022\/03\/rebanding-opakowan-poznan-sendal-okladka.png\",\r\n        \"full\": \"\/wp-content\/uploads\/2022\/03\/rebanding-opakowan-poznan-sendal-okladka.png\"\r\n      },\r\n      \"mo_sizes\": {\r\n        \"_265\": \"\/wp-content\/uploads\/2022\/03\/rebranding-opakowan-poznan-sendal-ilustracje-okladka-265x199.gif\",\r\n        \"_512\": \"\/wp-content\/uploads\/2022\/03\/rebranding-opakowan-poznan-sendal-ilustracje-okladka.gif\",\r\n        \"_768\": \"\/wp-content\/uploads\/2022\/03\/rebranding-opakowan-poznan-sendal-ilustracje-okladka.gif\",\r\n        \"_1024\": \"\/wp-content\/uploads\/2022\/03\/rebranding-opakowan-poznan-sendal-ilustracje-okladka.gif\",\r\n        \"_1280\": \"\/wp-content\/uploads\/2022\/03\/rebranding-opakowan-poznan-sendal-ilustracje-okladka.gif\",\r\n        \"_1920\": \"\/wp-content\/uploads\/2022\/03\/rebranding-opakowan-poznan-sendal-ilustracje-okladka.gif\",\r\n        \"_2560\": \"\/wp-content\/uploads\/2022\/03\/rebranding-opakowan-poznan-sendal-ilustracje-okladka.gif\",\r\n        \"_3200\": \"\/wp-content\/uploads\/2022\/03\/rebranding-opakowan-poznan-sendal-ilustracje-okladka.gif\",\r\n        \"_3840\": \"\/wp-content\/uploads\/2022\/03\/rebranding-opakowan-poznan-sendal-ilustracje-okladka.gif\",\r\n        \"_4096\": \"\/wp-content\/uploads\/2022\/03\/rebranding-opakowan-poznan-sendal-ilustracje-okladka.gif\",\r\n        \"full\": \"\/wp-content\/uploads\/2022\/03\/rebranding-opakowan-poznan-sendal-ilustracje-okladka.gif\"\r\n      },\r\n      \"mo_h\": 374,\r\n      \"mo_w\": 499,\r\n      \"video_url\": \"\",\r\n      \"video_w\": 0,\r\n      \"video_h\": 0,\r\n      \"mo_attid\": \"4998\",\r\n      \"tags\": [],\r\n      \"dosync\": false,\r\n      \"absolute_position\": false,\r\n      \"w\": 499,\r\n      \"h\": 374\r\n    },\r\n    {\r\n      \"type\": \"postThumbnail\",\r\n      \"cont\": \"\/wp-content\/uploads\/2022\/03\/drukowane-materialy-reklamowe-poznan-oferta-okladka.png\",\r\n      \"align\": \"bottom\",\r\n      \"row\": 28,\r\n      \"col\": 0,\r\n      \"colspan\": 12,\r\n      \"offsetx\": 0,\r\n      \"offsety\": 0,\r\n      \"spaceabove\": 0,\r\n      \"spacebelow\": 0,\r\n      \"yvel\": 1,\r\n      \"push\": 0,\r\n      \"relid\": 39,\r\n      \"title\": \"Printed advertising materials\",\r\n      \"postid\": 3623,\r\n      \"descr\": \"\",\r\n      \"link\": \"\/druk\/\",\r\n      \"attid\": 5013,\r\n      \"ar\": 0.757700205338809,\r\n      \"sizes\": {\r\n        \"_265\": \"\/wp-content\/uploads\/2022\/03\/drukowane-materialy-reklamowe-poznan-oferta-okladka-265x201.png\",\r\n        \"_512\": \"\/wp-content\/uploads\/2022\/03\/drukowane-materialy-reklamowe-poznan-oferta-okladka.png\",\r\n        \"_768\": \"\/wp-content\/uploads\/2022\/03\/drukowane-materialy-reklamowe-poznan-oferta-okladka.png\",\r\n        \"_1024\": \"\/wp-content\/uploads\/2022\/03\/drukowane-materialy-reklamowe-poznan-oferta-okladka.png\",\r\n        \"_1280\": \"\/wp-content\/uploads\/2022\/03\/drukowane-materialy-reklamowe-poznan-oferta-okladka.png\",\r\n        \"_1920\": \"\/wp-content\/uploads\/2022\/03\/drukowane-materialy-reklamowe-poznan-oferta-okladka.png\",\r\n        \"_2560\": \"\/wp-content\/uploads\/2022\/03\/drukowane-materialy-reklamowe-poznan-oferta-okladka.png\",\r\n        \"_3200\": \"\/wp-content\/uploads\/2022\/03\/drukowane-materialy-reklamowe-poznan-oferta-okladka.png\",\r\n        \"_3840\": \"\/wp-content\/uploads\/2022\/03\/drukowane-materialy-reklamowe-poznan-oferta-okladka.png\",\r\n        \"_4096\": \"\/wp-content\/uploads\/2022\/03\/drukowane-materialy-reklamowe-poznan-oferta-okladka.png\",\r\n        \"full\": \"\/wp-content\/uploads\/2022\/03\/drukowane-materialy-reklamowe-poznan-oferta-okladka.png\"\r\n      },\r\n      \"mo_sizes\": {\r\n        \"_265\": \"\/wp-content\/uploads\/2022\/03\/drukowane-materialy-reklamowe-poznan-oferta-okladka-2-265x201.png\",\r\n        \"_512\": \"\/wp-content\/uploads\/2022\/03\/drukowane-materialy-reklamowe-poznan-oferta-okladka-2.png\",\r\n        \"_768\": \"\/wp-content\/uploads\/2022\/03\/drukowane-materialy-reklamowe-poznan-oferta-okladka-2.png\",\r\n        \"_1024\": \"\/wp-content\/uploads\/2022\/03\/drukowane-materialy-reklamowe-poznan-oferta-okladka-2.png\",\r\n        \"_1280\": \"\/wp-content\/uploads\/2022\/03\/drukowane-materialy-reklamowe-poznan-oferta-okladka-2.png\",\r\n        \"_1920\": \"\/wp-content\/uploads\/2022\/03\/drukowane-materialy-reklamowe-poznan-oferta-okladka-2.png\",\r\n        \"_2560\": \"\/wp-content\/uploads\/2022\/03\/drukowane-materialy-reklamowe-poznan-oferta-okladka-2.png\",\r\n        \"_3200\": \"\/wp-content\/uploads\/2022\/03\/drukowane-materialy-reklamowe-poznan-oferta-okladka-2.png\",\r\n        \"_3840\": \"\/wp-content\/uploads\/2022\/03\/drukowane-materialy-reklamowe-poznan-oferta-okladka-2.png\",\r\n        \"_4096\": \"\/wp-content\/uploads\/2022\/03\/drukowane-materialy-reklamowe-poznan-oferta-okladka-2.png\",\r\n        \"full\": \"\/wp-content\/uploads\/2022\/03\/drukowane-materialy-reklamowe-poznan-oferta-okladka-2.png\"\r\n      },\r\n      \"mo_h\": 369,\r\n      \"mo_w\": 487,\r\n      \"video_url\": \"\",\r\n      \"video_w\": 0,\r\n      \"video_h\": 0,\r\n      \"frameOverflow\": \"\",\r\n      \"mo_attid\": \"5014\",\r\n      \"tags\": [],\r\n      \"dosync\": false,\r\n      \"w\": 487,\r\n      \"h\": 369,\r\n      \"absolute_position\": false\r\n    },\r\n    {\r\n      \"type\": \"postThumbnail\",\r\n      \"cont\": \"\/wp-content\/uploads\/2022\/03\/identyfikacja-wizualna-poznan-wydarzenia-food-days-okladka.png\",\r\n      \"align\": \"bottom\",\r\n      \"row\": 29,\r\n      \"col\": 0,\r\n      \"colspan\": 12,\r\n      \"offsetx\": 0,\r\n      \"offsety\": 0,\r\n      \"spaceabove\": 0,\r\n      \"spacebelow\": 0,\r\n      \"yvel\": 1,\r\n      \"push\": 0,\r\n      \"relid\": 411,\r\n      \"title\": \"Pozna\u0144 Food Days\",\r\n      \"postid\": 86,\r\n      \"descr\": \"\",\r\n      \"link\": \"\/food\/\",\r\n      \"attid\": 5020,\r\n      \"ar\": 0.749498997995992,\r\n      \"sizes\": {\r\n        \"_265\": \"\/wp-content\/uploads\/2022\/03\/identyfikacja-wizualna-poznan-wydarzenia-food-days-okladka-265x199.png\",\r\n        \"_512\": \"\/wp-content\/uploads\/2022\/03\/identyfikacja-wizualna-poznan-wydarzenia-food-days-okladka.png\",\r\n        \"_768\": \"\/wp-content\/uploads\/2022\/03\/identyfikacja-wizualna-poznan-wydarzenia-food-days-okladka.png\",\r\n        \"_1024\": \"\/wp-content\/uploads\/2022\/03\/identyfikacja-wizualna-poznan-wydarzenia-food-days-okladka.png\",\r\n        \"_1280\": \"\/wp-content\/uploads\/2022\/03\/identyfikacja-wizualna-poznan-wydarzenia-food-days-okladka.png\",\r\n        \"_1920\": \"\/wp-content\/uploads\/2022\/03\/identyfikacja-wizualna-poznan-wydarzenia-food-days-okladka.png\",\r\n        \"_2560\": \"\/wp-content\/uploads\/2022\/03\/identyfikacja-wizualna-poznan-wydarzenia-food-days-okladka.png\",\r\n        \"_3200\": \"\/wp-content\/uploads\/2022\/03\/identyfikacja-wizualna-poznan-wydarzenia-food-days-okladka.png\",\r\n        \"_3840\": \"\/wp-content\/uploads\/2022\/03\/identyfikacja-wizualna-poznan-wydarzenia-food-days-okladka.png\",\r\n        \"_4096\": \"\/wp-content\/uploads\/2022\/03\/identyfikacja-wizualna-poznan-wydarzenia-food-days-okladka.png\",\r\n        \"full\": \"\/wp-content\/uploads\/2022\/03\/identyfikacja-wizualna-poznan-wydarzenia-food-days-okladka.png\"\r\n      },\r\n      \"mo_sizes\": {\r\n        \"_265\": \"\/wp-content\/uploads\/2022\/03\/identyfikacja-wizualna-poznan-food-days-spojny-system-okladka-2-265x149.gif\",\r\n        \"_512\": \"\/wp-content\/uploads\/2022\/03\/identyfikacja-wizualna-poznan-food-days-spojny-system-okladka-2-512x288.gif\",\r\n        \"_768\": \"\/wp-content\/uploads\/2022\/03\/identyfikacja-wizualna-poznan-food-days-spojny-system-okladka-2-768x432.gif\",\r\n        \"_1024\": \"\/wp-content\/uploads\/2022\/03\/identyfikacja-wizualna-poznan-food-days-spojny-system-okladka-2.gif\",\r\n        \"_1280\": \"\/wp-content\/uploads\/2022\/03\/identyfikacja-wizualna-poznan-food-days-spojny-system-okladka-2.gif\",\r\n        \"_1920\": \"\/wp-content\/uploads\/2022\/03\/identyfikacja-wizualna-poznan-food-days-spojny-system-okladka-2.gif\",\r\n        \"_2560\": \"\/wp-content\/uploads\/2022\/03\/identyfikacja-wizualna-poznan-food-days-spojny-system-okladka-2.gif\",\r\n        \"_3200\": \"\/wp-content\/uploads\/2022\/03\/identyfikacja-wizualna-poznan-food-days-spojny-system-okladka-2.gif\",\r\n        \"_3840\": \"\/wp-content\/uploads\/2022\/03\/identyfikacja-wizualna-poznan-food-days-spojny-system-okladka-2.gif\",\r\n        \"_4096\": \"\/wp-content\/uploads\/2022\/03\/identyfikacja-wizualna-poznan-food-days-spojny-system-okladka-2.gif\",\r\n        \"full\": \"\/wp-content\/uploads\/2022\/03\/identyfikacja-wizualna-poznan-food-days-spojny-system-okladka-2.gif\"\r\n      },\r\n      \"mo_h\": 450,\r\n      \"mo_w\": 800,\r\n      \"video_url\": \"\",\r\n      \"video_w\": 0,\r\n      \"video_h\": 0,\r\n      \"frameOverflow\": \"\",\r\n      \"mo_attid\": \"4994\",\r\n      \"tags\": [],\r\n      \"dosync\": false,\r\n      \"absolute_position\": false,\r\n      \"w\": 499,\r\n      \"h\": 374\r\n    },\r\n    {\r\n      \"type\": \"postThumbnail\",\r\n      \"cont\": \"\/wp-content\/uploads\/2022\/03\/projekt-logo-poznan-identyfikacja-wizualna-miasto-okladka.png\",\r\n      \"align\": \"bottom\",\r\n      \"row\": 30,\r\n      \"col\": 0,\r\n      \"colspan\": 12,\r\n      \"offsetx\": 0,\r\n      \"offsety\": 0,\r\n      \"spaceabove\": 0,\r\n      \"spacebelow\": 0,\r\n      \"yvel\": 1,\r\n      \"push\": 0,\r\n      \"relid\": 416,\r\n      \"title\": \"The way the city looks - exhibition\",\r\n      \"postid\": 104,\r\n      \"descr\": \"\",\r\n      \"link\": \"\/miasto\/\",\r\n      \"attid\": 5033,\r\n      \"ar\": 0.749498997995992,\r\n      \"sizes\": {\r\n        \"_265\": \"\/wp-content\/uploads\/2022\/03\/projekt-logo-poznan-identyfikacja-wizualna-miasto-okladka-265x199.png\",\r\n        \"_512\": \"\/wp-content\/uploads\/2022\/03\/projekt-logo-poznan-identyfikacja-wizualna-miasto-okladka.png\",\r\n        \"_768\": \"\/wp-content\/uploads\/2022\/03\/projekt-logo-poznan-identyfikacja-wizualna-miasto-okladka.png\",\r\n        \"_1024\": \"\/wp-content\/uploads\/2022\/03\/projekt-logo-poznan-identyfikacja-wizualna-miasto-okladka.png\",\r\n        \"_1280\": \"\/wp-content\/uploads\/2022\/03\/projekt-logo-poznan-identyfikacja-wizualna-miasto-okladka.png\",\r\n        \"_1920\": \"\/wp-content\/uploads\/2022\/03\/projekt-logo-poznan-identyfikacja-wizualna-miasto-okladka.png\",\r\n        \"_2560\": \"\/wp-content\/uploads\/2022\/03\/projekt-logo-poznan-identyfikacja-wizualna-miasto-okladka.png\",\r\n        \"_3200\": \"\/wp-content\/uploads\/2022\/03\/projekt-logo-poznan-identyfikacja-wizualna-miasto-okladka.png\",\r\n        \"_3840\": \"\/wp-content\/uploads\/2022\/03\/projekt-logo-poznan-identyfikacja-wizualna-miasto-okladka.png\",\r\n        \"_4096\": \"\/wp-content\/uploads\/2022\/03\/projekt-logo-poznan-identyfikacja-wizualna-miasto-okladka.png\",\r\n        \"full\": \"\/wp-content\/uploads\/2022\/03\/projekt-logo-poznan-identyfikacja-wizualna-miasto-okladka.png\"\r\n      },\r\n      \"mo_sizes\": {\r\n        \"_265\": \"\/wp-content\/uploads\/2022\/03\/projektowanie-wystaw-poznan-miasto-okladka-265x177.jpg\",\r\n        \"_512\": \"\/wp-content\/uploads\/2022\/03\/projektowanie-wystaw-poznan-miasto-okladka.jpg\",\r\n        \"_768\": \"\/wp-content\/uploads\/2022\/03\/projektowanie-wystaw-poznan-miasto-okladka.jpg\",\r\n        \"_1024\": \"\/wp-content\/uploads\/2022\/03\/projektowanie-wystaw-poznan-miasto-okladka.jpg\",\r\n        \"_1280\": \"\/wp-content\/uploads\/2022\/03\/projektowanie-wystaw-poznan-miasto-okladka.jpg\",\r\n        \"_1920\": \"\/wp-content\/uploads\/2022\/03\/projektowanie-wystaw-poznan-miasto-okladka.jpg\",\r\n        \"_2560\": \"\/wp-content\/uploads\/2022\/03\/projektowanie-wystaw-poznan-miasto-okladka.jpg\",\r\n        \"_3200\": \"\/wp-content\/uploads\/2022\/03\/projektowanie-wystaw-poznan-miasto-okladka.jpg\",\r\n        \"_3840\": \"\/wp-content\/uploads\/2022\/03\/projektowanie-wystaw-poznan-miasto-okladka.jpg\",\r\n        \"_4096\": \"\/wp-content\/uploads\/2022\/03\/projektowanie-wystaw-poznan-miasto-okladka.jpg\",\r\n        \"full\": \"\/wp-content\/uploads\/2022\/03\/projektowanie-wystaw-poznan-miasto-okladka.jpg\"\r\n      },\r\n      \"mo_h\": 333,\r\n      \"mo_w\": 499,\r\n      \"video_url\": \"\",\r\n      \"video_w\": 0,\r\n      \"video_h\": 0,\r\n      \"frameOverflow\": \"\",\r\n      \"mo_attid\": \"5007\",\r\n      \"tags\": [],\r\n      \"dosync\": false,\r\n      \"absolute_position\": false\r\n    },\r\n    {\r\n      \"type\": \"postThumbnail\",\r\n      \"cont\": \"\/wp-content\/uploads\/2022\/03\/identyfikacja-wizualna-poznan-fyrtel-garbary-okladka.png\",\r\n      \"align\": \"bottom\",\r\n      \"row\": 31,\r\n      \"col\": 0,\r\n      \"colspan\": 12,\r\n      \"offsetx\": 0,\r\n      \"offsety\": 0,\r\n      \"spaceabove\": 0,\r\n      \"spacebelow\": 0,\r\n      \"yvel\": 1,\r\n      \"push\": 0,\r\n      \"relid\": 414,\r\n      \"title\": \"Fyrtel Garbary - visual identity\",\r\n      \"postid\": 3369,\r\n      \"descr\": \"\",\r\n      \"link\": \"\/fyrtel\/\",\r\n      \"attid\": 5017,\r\n      \"ar\": 0.749498997995992,\r\n      \"sizes\": {\r\n        \"_265\": \"\/wp-content\/uploads\/2022\/03\/identyfikacja-wizualna-poznan-fyrtel-garbary-okladka-265x199.png\",\r\n        \"_512\": \"\/wp-content\/uploads\/2022\/03\/identyfikacja-wizualna-poznan-fyrtel-garbary-okladka.png\",\r\n        \"_768\": \"\/wp-content\/uploads\/2022\/03\/identyfikacja-wizualna-poznan-fyrtel-garbary-okladka.png\",\r\n        \"_1024\": \"\/wp-content\/uploads\/2022\/03\/identyfikacja-wizualna-poznan-fyrtel-garbary-okladka.png\",\r\n        \"_1280\": \"\/wp-content\/uploads\/2022\/03\/identyfikacja-wizualna-poznan-fyrtel-garbary-okladka.png\",\r\n        \"_1920\": \"\/wp-content\/uploads\/2022\/03\/identyfikacja-wizualna-poznan-fyrtel-garbary-okladka.png\",\r\n        \"_2560\": \"\/wp-content\/uploads\/2022\/03\/identyfikacja-wizualna-poznan-fyrtel-garbary-okladka.png\",\r\n        \"_3200\": \"\/wp-content\/uploads\/2022\/03\/identyfikacja-wizualna-poznan-fyrtel-garbary-okladka.png\",\r\n        \"_3840\": \"\/wp-content\/uploads\/2022\/03\/identyfikacja-wizualna-poznan-fyrtel-garbary-okladka.png\",\r\n        \"_4096\": \"\/wp-content\/uploads\/2022\/03\/identyfikacja-wizualna-poznan-fyrtel-garbary-okladka.png\",\r\n        \"full\": \"\/wp-content\/uploads\/2022\/03\/identyfikacja-wizualna-poznan-fyrtel-garbary-okladka.png\"\r\n      },\r\n      \"mo_sizes\": {\r\n        \"_265\": \"\/wp-content\/uploads\/2022\/03\/identyfikacja-wizualna-poznan-fyrtel-garbary-okladka-2-265x198.gif\",\r\n        \"_512\": \"\/wp-content\/uploads\/2022\/03\/identyfikacja-wizualna-poznan-fyrtel-garbary-okladka-2.gif\",\r\n        \"_768\": \"\/wp-content\/uploads\/2022\/03\/identyfikacja-wizualna-poznan-fyrtel-garbary-okladka-2.gif\",\r\n        \"_1024\": \"\/wp-content\/uploads\/2022\/03\/identyfikacja-wizualna-poznan-fyrtel-garbary-okladka-2.gif\",\r\n        \"_1280\": \"\/wp-content\/uploads\/2022\/03\/identyfikacja-wizualna-poznan-fyrtel-garbary-okladka-2.gif\",\r\n        \"_1920\": \"\/wp-content\/uploads\/2022\/03\/identyfikacja-wizualna-poznan-fyrtel-garbary-okladka-2.gif\",\r\n        \"_2560\": \"\/wp-content\/uploads\/2022\/03\/identyfikacja-wizualna-poznan-fyrtel-garbary-okladka-2.gif\",\r\n        \"_3200\": \"\/wp-content\/uploads\/2022\/03\/identyfikacja-wizualna-poznan-fyrtel-garbary-okladka-2.gif\",\r\n        \"_3840\": \"\/wp-content\/uploads\/2022\/03\/identyfikacja-wizualna-poznan-fyrtel-garbary-okladka-2.gif\",\r\n        \"_4096\": \"\/wp-content\/uploads\/2022\/03\/identyfikacja-wizualna-poznan-fyrtel-garbary-okladka-2.gif\",\r\n        \"full\": \"\/wp-content\/uploads\/2022\/03\/identyfikacja-wizualna-poznan-fyrtel-garbary-okladka-2.gif\"\r\n      },\r\n      \"mo_h\": 360,\r\n      \"mo_w\": 481,\r\n      \"video_url\": \"\",\r\n      \"video_w\": 0,\r\n      \"video_h\": 0,\r\n      \"frameOverflow\": \"\",\r\n      \"mo_attid\": \"4995\",\r\n      \"tags\": [],\r\n      \"dosync\": false,\r\n      \"absolute_position\": false,\r\n      \"w\": 499,\r\n      \"h\": 374\r\n    },\r\n    {\r\n      \"type\": \"postThumbnail\",\r\n      \"cont\": \"\/wp-content\/uploads\/2022\/03\/identyfikacja-wizualna-marki-odziezowej-poznan-numu-okladka.gif\",\r\n      \"align\": \"bottom\",\r\n      \"row\": 32,\r\n      \"col\": 0,\r\n      \"colspan\": 12,\r\n      \"offsetx\": 0,\r\n      \"offsety\": 0,\r\n      \"spaceabove\": 0,\r\n      \"spacebelow\": 0,\r\n      \"yvel\": 1,\r\n      \"push\": 0,\r\n      \"relid\": 415,\r\n      \"title\": \"Numu - branding - maternity wear\",\r\n      \"postid\": 1715,\r\n      \"descr\": \"\",\r\n      \"link\": \"\/numu\/\",\r\n      \"attid\": 4992,\r\n      \"ar\": 0.7592592592592593,\r\n      \"sizes\": {\r\n        \"_265\": \"\/wp-content\/uploads\/2022\/03\/identyfikacja-wizualna-marki-odziezowej-poznan-numu-okladka-265x201.gif\",\r\n        \"_512\": \"\/wp-content\/uploads\/2022\/03\/identyfikacja-wizualna-marki-odziezowej-poznan-numu-okladka-512x389.gif\",\r\n        \"_768\": \"\/wp-content\/uploads\/2022\/03\/identyfikacja-wizualna-marki-odziezowej-poznan-numu-okladka-768x583.gif\",\r\n        \"_1024\": \"\/wp-content\/uploads\/2022\/03\/identyfikacja-wizualna-marki-odziezowej-poznan-numu-okladka-1024x777.gif\",\r\n        \"_1280\": \"\/wp-content\/uploads\/2022\/03\/identyfikacja-wizualna-marki-odziezowej-poznan-numu-okladka.gif\",\r\n        \"_1920\": \"\/wp-content\/uploads\/2022\/03\/identyfikacja-wizualna-marki-odziezowej-poznan-numu-okladka.gif\",\r\n        \"_2560\": \"\/wp-content\/uploads\/2022\/03\/identyfikacja-wizualna-marki-odziezowej-poznan-numu-okladka.gif\",\r\n        \"_3200\": \"\/wp-content\/uploads\/2022\/03\/identyfikacja-wizualna-marki-odziezowej-poznan-numu-okladka.gif\",\r\n        \"_3840\": \"\/wp-content\/uploads\/2022\/03\/identyfikacja-wizualna-marki-odziezowej-poznan-numu-okladka.gif\",\r\n        \"_4096\": \"\/wp-content\/uploads\/2022\/03\/identyfikacja-wizualna-marki-odziezowej-poznan-numu-okladka.gif\",\r\n        \"full\": \"\/wp-content\/uploads\/2022\/03\/identyfikacja-wizualna-marki-odziezowej-poznan-numu-okladka.gif\"\r\n      },\r\n      \"mo_sizes\": {\r\n        \"_265\": \"\/wp-content\/uploads\/2022\/03\/identyfikacja-wizualna-marki-odziezowej-poznan-numu-okladka-2-265x201.gif\",\r\n        \"_512\": \"\/wp-content\/uploads\/2022\/03\/identyfikacja-wizualna-marki-odziezowej-poznan-numu-okladka-2-512x389.gif\",\r\n        \"_768\": \"\/wp-content\/uploads\/2022\/03\/identyfikacja-wizualna-marki-odziezowej-poznan-numu-okladka-2.gif\",\r\n        \"_1024\": \"\/wp-content\/uploads\/2022\/03\/identyfikacja-wizualna-marki-odziezowej-poznan-numu-okladka-2.gif\",\r\n        \"_1280\": \"\/wp-content\/uploads\/2022\/03\/identyfikacja-wizualna-marki-odziezowej-poznan-numu-okladka-2.gif\",\r\n        \"_1920\": \"\/wp-content\/uploads\/2022\/03\/identyfikacja-wizualna-marki-odziezowej-poznan-numu-okladka-2.gif\",\r\n        \"_2560\": \"\/wp-content\/uploads\/2022\/03\/identyfikacja-wizualna-marki-odziezowej-poznan-numu-okladka-2.gif\",\r\n        \"_3200\": \"\/wp-content\/uploads\/2022\/03\/identyfikacja-wizualna-marki-odziezowej-poznan-numu-okladka-2.gif\",\r\n        \"_3840\": \"\/wp-content\/uploads\/2022\/03\/identyfikacja-wizualna-marki-odziezowej-poznan-numu-okladka-2.gif\",\r\n        \"_4096\": \"\/wp-content\/uploads\/2022\/03\/identyfikacja-wizualna-marki-odziezowej-poznan-numu-okladka-2.gif\",\r\n        \"full\": \"\/wp-content\/uploads\/2022\/03\/identyfikacja-wizualna-marki-odziezowej-poznan-numu-okladka-2.gif\"\r\n      },\r\n      \"mo_h\": 410,\r\n      \"mo_w\": 540,\r\n      \"video_url\": \"\",\r\n      \"video_w\": 0,\r\n      \"video_h\": 0,\r\n      \"frameOverflow\": \"\",\r\n      \"mo_attid\": \"4993\",\r\n      \"tags\": [],\r\n      \"dosync\": false,\r\n      \"absolute_position\": false\r\n    }\r\n  ]\r\n}","_links":{"self":[{"href":"https:\/\/www.yos-studio.com\/en\/wp-json\/wp\/v2\/posts\/6220"}],"collection":[{"href":"https:\/\/www.yos-studio.com\/en\/wp-json\/wp\/v2\/posts"}],"about":[{"href":"https:\/\/www.yos-studio.com\/en\/wp-json\/wp\/v2\/types\/post"}],"author":[{"embeddable":true,"href":"https:\/\/www.yos-studio.com\/en\/wp-json\/wp\/v2\/users\/1"}],"replies":[{"embeddable":true,"href":"https:\/\/www.yos-studio.com\/en\/wp-json\/wp\/v2\/comments?post=6220"}],"version-history":[{"count":0,"href":"https:\/\/www.yos-studio.com\/en\/wp-json\/wp\/v2\/posts\/6220\/revisions"}],"wp:featuredmedia":[{"embeddable":true,"href":"https:\/\/www.yos-studio.com\/en\/wp-json\/wp\/v2\/media\/6221"}],"wp:attachment":[{"href":"https:\/\/www.yos-studio.com\/en\/wp-json\/wp\/v2\/media?parent=6220"}],"wp:term":[{"taxonomy":"category","embeddable":true,"href":"https:\/\/www.yos-studio.com\/en\/wp-json\/wp\/v2\/categories?post=6220"},{"taxonomy":"post_tag","embeddable":true,"href":"https:\/\/www.yos-studio.com\/en\/wp-json\/wp\/v2\/tags?post=6220"}],"curies":[{"name":"wp","href":"https:\/\/api.w.org\/{rel}","templated":true}]}}